{"id":47771,"date":"2023-11-21T14:16:34","date_gmt":"2023-11-21T20:16:34","guid":{"rendered":"https:\/\/encuentroinformativo.com.mx\/?p=47771"},"modified":"2023-11-21T14:16:35","modified_gmt":"2023-11-21T20:16:35","slug":"trabajadores-acapulquenos-podran-trabajar-en-restaurantes-de-veracruz-canirac","status":"publish","type":"post","link":"https:\/\/encuentroinformativo.com.mx\/?p=47771","title":{"rendered":"Trabajadores acapulque\u00f1os podr\u00e1n trabajar en restaurantes de Veracruz: Canirac"},"content":{"rendered":"\n<p><strong>Alejandro \u00c1vila<\/strong><\/p>\n\n\n\n<p>Veracruz, Ver.- El presidente de CANIRAC Veracruz, Marcel Van Eyck, mencion\u00f3 que en el mes de diciembre restaurantes de la zona conurbada Veracruz &#8211; Boca del R\u00edo podr\u00edan emplear a trabajadores acapulque\u00f1os que se quedaron sin empleo tras el paso del hurac\u00e1n &#8220;Otis&#8221;.<\/p>\n\n\n\n<p>El empresario dijo que en pr\u00f3ximos d\u00edas sostendr\u00e1n una reuni\u00f3n en la Ciudad de M\u00e9xico con la presidencia nacional de CANIRAC, donde les explicar\u00e1n los lineamientos para poder emplear a los trabajadores acapulque\u00f1os afectados, este proyecto se realizar\u00e1 en los restaurantes de la Rep\u00fablica Mexicana agremiados a la CANIRAC.<\/p>\n\n\n\n<p>&#8220;Esta semana vamos a tener un reporte, un programa finalizado de CANIRAC nacional, que est\u00e1n trabajando justo en esto con autoridades en Acapulco, para poder ofrecer en diferentes destinos como Veracruz, para poder apoyar al colaborador de restaurantes de Acapulco para que no pierda su trabajo, y m\u00ednimo podamos seguir pagando su n\u00f3mina (\u2026) hay varios temas, porque es la n\u00f3mina, es el transporte, es el hospedaje es todo&#8221;, puntualiz\u00f3.<\/p>\n\n\n\n<p>Marcel Van Eick, mencion\u00f3 que se estima que los restaurantes veracruzanos agremiados a CANIRAC, puedan emplear entre 100 y 200 trabajadores acapulque\u00f1os.<\/p>\n\n\n\n<p>&#8220;Yo creo que hay muy pocos establecimientos que no est\u00e1n disponibles para apoyar, en un desastre nacional yo creo que todos estamos muy dispuestos para apoyar (\u2026) meseros, cocineros, hostes, de lo que sea, pero principalmente meseros que siempre nos hacen mucha falta y en la cocina tambi\u00e9n, y siempre estar\u00e1 bien un poco de apoyo de esta forma, nosotros podemos apoyar a ellos y ellos obviamente nosotros&#8221;, sentenci\u00f3.<\/p>\n","protected":false},"excerpt":{"rendered":"<p>Alejandro \u00c1vila Veracruz, Ver.- El presidente de CANIRAC Veracruz, Marcel Van Eyck, mencion\u00f3 que en el mes de diciembre restaurantes de la zona conurbada Veracruz &#8211; Boca del R\u00edo podr\u00edan emplear a trabajadores acapulque\u00f1os que se quedaron sin empleo tras el paso del hurac\u00e1n &#8220;Otis&#8221;. El empresario dijo que en pr\u00f3ximos d\u00edas sostendr\u00e1n una reuni\u00f3n [&hellip;]<\/p>\n","protected":false},"author":2476,"featured_media":47772,"comment_status":"open","ping_status":"open","sticky":false,"template":"","format":"standard","meta":{"_jetpack_memberships_contains_paid_content":false,"footnotes":""},"categories":[2],"tags":[],"class_list":["post-47771","post","type-post","status-publish","format-standard","has-post-thumbnail","hentry","category-estado"],"jetpack_featured_media_url":"https:\/\/encuentroinformativo.com.mx\/wp-content\/uploads\/2023\/11\/IMG-20231121-WA00412.jpg","jetpack_sharing_enabled":true,"jetpack_likes_enabled":true,"amp_enabled":true,"_links":{"self":[{"href":"https:\/\/encuentroinformativo.com.mx\/index.php?rest_route=\/wp\/v2\/posts\/47771","targetHints":{"allow":["GET"]}}],"collection":[{"href":"https:\/\/encuentroinformativo.com.mx\/index.php?rest_route=\/wp\/v2\/posts"}],"about":[{"href":"https:\/\/encuentroinformativo.com.mx\/index.php?rest_route=\/wp\/v2\/types\/post"}],"author":[{"embeddable":true,"href":"https:\/\/encuentroinformativo.com.mx\/index.php?rest_route=\/wp\/v2\/users\/2476"}],"replies":[{"embeddable":true,"href":"https:\/\/encuentroinformativo.com.mx\/index.php?rest_route=%2Fwp%2Fv2%2Fcomments&post=47771"}],"version-history":[{"count":1,"href":"https:\/\/encuentroinformativo.com.mx\/index.php?rest_route=\/wp\/v2\/posts\/47771\/revisions"}],"predecessor-version":[{"id":47773,"href":"https:\/\/encuentroinformativo.com.mx\/index.php?rest_route=\/wp\/v2\/posts\/47771\/revisions\/47773"}],"wp:featuredmedia":[{"embeddable":true,"href":"https:\/\/encuentroinformativo.com.mx\/index.php?rest_route=\/wp\/v2\/media\/47772"}],"wp:attachment":[{"href":"https:\/\/encuentroinformativo.com.mx\/index.php?rest_route=%2Fwp%2Fv2%2Fmedia&parent=47771"}],"wp:term":[{"taxonomy":"category","embeddable":true,"href":"https:\/\/encuentroinformativo.com.mx\/index.php?rest_route=%2Fwp%2Fv2%2Fcategories&post=47771"},{"taxonomy":"post_tag","embeddable":true,"href":"https:\/\/encuentroinformativo.com.mx\/index.php?rest_route=%2Fwp%2Fv2%2Ftags&post=47771"}],"curies":[{"name":"wp","href":"https:\/\/api.w.org\/{rel}","templated":true}]}}