{"id":47774,"date":"2023-11-21T16:50:44","date_gmt":"2023-11-21T22:50:44","guid":{"rendered":"https:\/\/encuentroinformativo.com.mx\/?p=47774"},"modified":"2023-11-21T16:50:45","modified_gmt":"2023-11-21T22:50:45","slug":"desalojo-violento-en-comunidad-de-atzacan","status":"publish","type":"post","link":"https:\/\/encuentroinformativo.com.mx\/?p=47774","title":{"rendered":"Desalojo violento en comunidad de Atzacan"},"content":{"rendered":"\n<p><strong>Juan Arcos <\/strong><\/p>\n\n\n\n<p>Xalapa, Ver.- Un conflicto por la posesi\u00f3n del ejido Santa Anna, en el municipio de Atzacan, ocasion\u00f3 un desalojo violento durante la ma\u00f1ana de este martes 21 de noviembre.<\/p>\n\n\n\n<p>Se habla de decenas de familias afectadas por este desalojo que ocurri\u00f3 sobre la carretera Orizaba-Atzacan, frente al Sal\u00f3n Col\u00f3n, donde varias viviendas fueron destruidas.<\/p>\n\n\n\n<p>La gente denunci\u00f3 la presencia de personas armadas con machetes que los retiraron mediante el uso de la fuerza.<\/p>\n\n\n\n<p>El representante de los afectados, Paulino L\u00f3pez Anzures, indic\u00f3 que el problema se agrav\u00f3 en marzo de este a\u00f1o, cuando solicitaron la intervenci\u00f3n de las autoridades estatales y federales para evitar conflictos por los terrenos.<\/p>\n\n\n\n<p>Los pobladores indicaron que no existe una orden judicial para el desalojo que encabezaron los trabajadores de un empresario, a quien identifican como Orlando.<\/p>\n\n\n\n<p>Lo acusan de tener intenciones de apropiarse de los terrenos donde habitan aproximadamente 60 familias.<\/p>\n\n\n\n<p>El ejido Santa Anna se localiza cerca del municipio de Orizaba, en la regi\u00f3n de las Altas Monta\u00f1as, en la zona centro del estado de Veracruz.<\/p>\n\n\n\n<p>Cerca de 40 personas llegaron a las parcelas para derribar las viviendas con marros, barretas y con ayuda de maquinaria pesada.<\/p>\n","protected":false},"excerpt":{"rendered":"<p>Juan Arcos Xalapa, Ver.- Un conflicto por la posesi\u00f3n del ejido Santa Anna, en el municipio de Atzacan, ocasion\u00f3 un desalojo violento durante la ma\u00f1ana de este martes 21 de noviembre. Se habla de decenas de familias afectadas por este desalojo que ocurri\u00f3 sobre la carretera Orizaba-Atzacan, frente al Sal\u00f3n Col\u00f3n, donde varias viviendas fueron [&hellip;]<\/p>\n","protected":false},"author":2476,"featured_media":47775,"comment_status":"open","ping_status":"open","sticky":false,"template":"","format":"standard","meta":{"_jetpack_memberships_contains_paid_content":false,"footnotes":""},"categories":[2],"tags":[],"class_list":["post-47774","post","type-post","status-publish","format-standard","has-post-thumbnail","hentry","category-estado"],"jetpack_featured_media_url":"https:\/\/encuentroinformativo.com.mx\/wp-content\/uploads\/2023\/11\/acbf555f-31fc-4a72-b98a-70e7990aa081.jpg","jetpack_sharing_enabled":true,"jetpack_likes_enabled":true,"amp_enabled":true,"_links":{"self":[{"href":"https:\/\/encuentroinformativo.com.mx\/index.php?rest_route=\/wp\/v2\/posts\/47774","targetHints":{"allow":["GET"]}}],"collection":[{"href":"https:\/\/encuentroinformativo.com.mx\/index.php?rest_route=\/wp\/v2\/posts"}],"about":[{"href":"https:\/\/encuentroinformativo.com.mx\/index.php?rest_route=\/wp\/v2\/types\/post"}],"author":[{"embeddable":true,"href":"https:\/\/encuentroinformativo.com.mx\/index.php?rest_route=\/wp\/v2\/users\/2476"}],"replies":[{"embeddable":true,"href":"https:\/\/encuentroinformativo.com.mx\/index.php?rest_route=%2Fwp%2Fv2%2Fcomments&post=47774"}],"version-history":[{"count":1,"href":"https:\/\/encuentroinformativo.com.mx\/index.php?rest_route=\/wp\/v2\/posts\/47774\/revisions"}],"predecessor-version":[{"id":47776,"href":"https:\/\/encuentroinformativo.com.mx\/index.php?rest_route=\/wp\/v2\/posts\/47774\/revisions\/47776"}],"wp:featuredmedia":[{"embeddable":true,"href":"https:\/\/encuentroinformativo.com.mx\/index.php?rest_route=\/wp\/v2\/media\/47775"}],"wp:attachment":[{"href":"https:\/\/encuentroinformativo.com.mx\/index.php?rest_route=%2Fwp%2Fv2%2Fmedia&parent=47774"}],"wp:term":[{"taxonomy":"category","embeddable":true,"href":"https:\/\/encuentroinformativo.com.mx\/index.php?rest_route=%2Fwp%2Fv2%2Fcategories&post=47774"},{"taxonomy":"post_tag","embeddable":true,"href":"https:\/\/encuentroinformativo.com.mx\/index.php?rest_route=%2Fwp%2Fv2%2Ftags&post=47774"}],"curies":[{"name":"wp","href":"https:\/\/api.w.org\/{rel}","templated":true}]}}