{"id":47777,"date":"2023-11-21T17:09:07","date_gmt":"2023-11-21T23:09:07","guid":{"rendered":"https:\/\/encuentroinformativo.com.mx\/?p=47777"},"modified":"2023-11-21T17:10:34","modified_gmt":"2023-11-21T23:10:34","slug":"ambientalistas-retiran-campamento-empresa-que-construye-puente-vehicular-presenta-denuncias","status":"publish","type":"post","link":"https:\/\/encuentroinformativo.com.mx\/?p=47777","title":{"rendered":"Ambientalistas retiran campamento; empresa que construye puente vehicular presenta denuncias"},"content":{"rendered":"\n<p><strong>Juan Arcos\/Dar\u00edo Pale <\/strong><\/p>\n\n\n\n<p>Xalapa, Ver.- Los integrantes del Camell\u00f3n en Resistencia anunciaron que este martes 21 de noviembre retiran su campamento en defensa de los \u00e1rboles sobre la avenida L\u00e1zaro C\u00e1rdenas, ante la construcci\u00f3n del Paso Superior Vehicular (PSV).<\/p>\n\n\n\n<p>Despu\u00e9s de cuatro meses de su plant\u00f3n, los ambientalistas decidieron levantar el campamento sobre el camell\u00f3n, mismo que montaron desde la noche del pasado 17 de julio, tras el derribo de 49 \u00e1rboles, como parte de los trabajos de dicha obra.<\/p>\n\n\n\n<p>La activista Yesenia Cort\u00e9s indic\u00f3 que tomaron dicha decisi\u00f3n debido a que hay una garant\u00eda jur\u00eddica de protecci\u00f3n a los \u00e1rboles ante la construcci\u00f3n del puente a desnivel.<\/p>\n\n\n\n<p>&#8220;Se realiza el levantamiento del campamento del camell\u00f3n en resistencia, exigimos el respeto a los acuerdos realizados en la diligencia del Juez Federal del pasado 17 de noviembre que evita la tala y el cuidado de las ra\u00edces de cualquier \u00e1rbol del camell\u00f3n en avenida L\u00e1zaro C\u00e1rdenas&#8221;, expres\u00f3.<\/p>\n\n\n\n<p>Los ambientalistas acusaron de corrupci\u00f3n a la constructora Macon, una empresa presuntamente de Tamaulipas que o ncurri\u00f3 en supuestos actos de corrupci\u00f3n en contubernio con autoridades.<\/p>\n\n\n\n<p>\u201cHan sido cuatro meses donde la corrupci\u00f3n, impunidad y represi\u00f3n ejercida por la constructora MACON, gobierno del Estado y municipal han hecho gala de toda su fuerza, a pesar de ello hemos resistido. Ni la lluvia, ni el sol, ni las agresiones verbales, f\u00edsicas o amenazas nos hicieron desistir\u201d.<\/p>\n\n\n\n<p>Se\u00f1alaron una presunta negligencia por parte de las dependencias encargadas de proteger al medio ambiente, de los tres niveles de gobierno.<\/p>\n\n\n\n<p>\u201cQue van desde la Direcci\u00f3n Municipal de Medioambiente, hasta dependencias como Secretaria de Medio Ambiente del gobierno del estado y las federales: la PMA, Profepa y Semarnat, que todo este tiempo trabajaron a favor de la empresa, validando as\u00ed un ecocidio\u201d.<\/p>\n\n\n\n<p>Denunciaron una persecuci\u00f3n y agresiones f\u00edsicas; sin embargo, lo m\u00e1s grave fue que la constructora interpuso una demanda en contra de 10 integrantes del movimiento, exigi\u00e9ndoles el pago de 2 millones 600 mil pesos por afectar la obra.<\/p>\n\n\n\n<p>\u201cUna denuncia que intenta pasar sobre nuestro derecho a la libre manifestaci\u00f3n en defensa de un ambiente sano y el uso del espacio p\u00fablico. Hacemos responsables a la constructora Macon, al gobierno estatal y municipal, de cualquier agresi\u00f3n y persecuci\u00f3n que pueda ser ejercida en contra de nosotros. A pesar de la persecuci\u00f3n pol\u00edtica, nuestra lucha en defensa del territorio, el agua, los \u00e1rboles y la vida, contin\u00faa\u201d, enfatizaron.<\/p>\n\n\n\n<p><strong>Presentan denuncias <\/strong><\/p>\n\n\n\n<p>La constructora MACON denunci\u00f3 a diez ciudadanos por la obstrucci\u00f3n a estos trabajos, indic\u00f3 que la empresa los denunci\u00f3 por presuntos da\u00f1os que se calculan en 2.6 millones de pesos, as\u00ed lo dio a conocer el presidente de la organizaci\u00f3n Resistencia Civil Xalape\u00f1a, Ricardo Alarc\u00f3n.<\/p>\n\n\n\n<p>En conferencia de prensa se\u00f1al\u00f3 que fueron denunciados por la empresa Macron, encargada de la obra de construcci\u00f3n de un puente vehicular elevado en la avenida L\u00e1zaro C\u00e1rdenas.<\/p>\n\n\n\n<p>Precis\u00f3 que la denuncia fue presentada ante el juzgado cuarto de primera instancia pero la forma de notificaci\u00f3n fue incorrecta pues lo hicieron en el campamento y no en un domicilio como deb\u00eda ser.&nbsp;<\/p>\n\n\n\n<p>Los ciudadanos afirmaron que es grave que el Poder Judicial del Estado entre al juego de la empresa que pretende afectarlos \u00fanicamente por ejercer su derecho a la manifestaci\u00f3n.&nbsp;<\/p>\n\n\n\n<p>Insistieron en que la manifestaci\u00f3n siempre ha sido pac\u00edfica y que el viernes pasado hubo audiencia y el juez determin\u00f3 la protecci\u00f3n de los \u00e1rboles y ra\u00edces as\u00ed como la modificaci\u00f3n del proyecto.<\/p>\n\n\n\n<p>Ante ello, afirm\u00f3 que son v\u00edctimas de represi\u00f3n por permanecer en resguardo de los \u00e1rboles que pretend\u00edan ser talados en el camell\u00f3n de la avenida L\u00e1zaro C\u00e1rdenas, por lo cual se defender\u00e1n y presentar\u00e1n una queja ante la Comisi\u00f3n Estatal de Derechos Humanos (CEDH).&nbsp;<\/p>\n\n\n\n<p>Ante esto, anunciaron que a partir de este martes se realizar\u00e1 el levantamiento de plant\u00f3n en la avenida L\u00e1zaro C\u00e1rdenas.<\/p>\n\n\n\n<p>Finalmente, alertaron que seguir\u00e1 la supervisi\u00f3n de la obra, con rondines para garantizar que los trabajos se hagan de acuerdo a la modificaci\u00f3n que presentaron ante el juez.<\/p>\n\n\n\n<figure class=\"wp-block-image size-large\"><img loading=\"lazy\" decoding=\"async\" width=\"1024\" height=\"768\" src=\"https:\/\/encuentroinformativo.com.mx\/wp-content\/uploads\/2023\/11\/IMG_1206-1024x768.jpg\" alt=\"\" class=\"wp-image-47780\" srcset=\"https:\/\/encuentroinformativo.com.mx\/wp-content\/uploads\/2023\/11\/IMG_1206-1024x768.jpg 1024w, https:\/\/encuentroinformativo.com.mx\/wp-content\/uploads\/2023\/11\/IMG_1206-300x225.jpg 300w, https:\/\/encuentroinformativo.com.mx\/wp-content\/uploads\/2023\/11\/IMG_1206-768x576.jpg 768w, https:\/\/encuentroinformativo.com.mx\/wp-content\/uploads\/2023\/11\/IMG_1206-1536x1152.jpg 1536w, https:\/\/encuentroinformativo.com.mx\/wp-content\/uploads\/2023\/11\/IMG_1206.jpg 2016w\" sizes=\"auto, (max-width: 1024px) 100vw, 1024px\" \/><\/figure>\n","protected":false},"excerpt":{"rendered":"<p>Juan Arcos\/Dar\u00edo Pale Xalapa, Ver.- Los integrantes del Camell\u00f3n en Resistencia anunciaron que este martes 21 de noviembre retiran su campamento en defensa de los \u00e1rboles sobre la avenida L\u00e1zaro C\u00e1rdenas, ante la construcci\u00f3n del Paso Superior Vehicular (PSV). Despu\u00e9s de cuatro meses de su plant\u00f3n, los ambientalistas decidieron levantar el campamento sobre el camell\u00f3n, [&hellip;]<\/p>\n","protected":false},"author":2476,"featured_media":47781,"comment_status":"open","ping_status":"open","sticky":false,"template":"","format":"standard","meta":{"_jetpack_memberships_contains_paid_content":false,"footnotes":""},"categories":[3],"tags":[],"class_list":["post-47777","post","type-post","status-publish","format-standard","has-post-thumbnail","hentry","category-xalapa"],"jetpack_featured_media_url":"https:\/\/encuentroinformativo.com.mx\/wp-content\/uploads\/2023\/11\/IMG_72892.jpg","jetpack_sharing_enabled":true,"jetpack_likes_enabled":true,"amp_enabled":true,"_links":{"self":[{"href":"https:\/\/encuentroinformativo.com.mx\/index.php?rest_route=\/wp\/v2\/posts\/47777","targetHints":{"allow":["GET"]}}],"collection":[{"href":"https:\/\/encuentroinformativo.com.mx\/index.php?rest_route=\/wp\/v2\/posts"}],"about":[{"href":"https:\/\/encuentroinformativo.com.mx\/index.php?rest_route=\/wp\/v2\/types\/post"}],"author":[{"embeddable":true,"href":"https:\/\/encuentroinformativo.com.mx\/index.php?rest_route=\/wp\/v2\/users\/2476"}],"replies":[{"embeddable":true,"href":"https:\/\/encuentroinformativo.com.mx\/index.php?rest_route=%2Fwp%2Fv2%2Fcomments&post=47777"}],"version-history":[{"count":2,"href":"https:\/\/encuentroinformativo.com.mx\/index.php?rest_route=\/wp\/v2\/posts\/47777\/revisions"}],"predecessor-version":[{"id":47782,"href":"https:\/\/encuentroinformativo.com.mx\/index.php?rest_route=\/wp\/v2\/posts\/47777\/revisions\/47782"}],"wp:featuredmedia":[{"embeddable":true,"href":"https:\/\/encuentroinformativo.com.mx\/index.php?rest_route=\/wp\/v2\/media\/47781"}],"wp:attachment":[{"href":"https:\/\/encuentroinformativo.com.mx\/index.php?rest_route=%2Fwp%2Fv2%2Fmedia&parent=47777"}],"wp:term":[{"taxonomy":"category","embeddable":true,"href":"https:\/\/encuentroinformativo.com.mx\/index.php?rest_route=%2Fwp%2Fv2%2Fcategories&post=47777"},{"taxonomy":"post_tag","embeddable":true,"href":"https:\/\/encuentroinformativo.com.mx\/index.php?rest_route=%2Fwp%2Fv2%2Ftags&post=47777"}],"curies":[{"name":"wp","href":"https:\/\/api.w.org\/{rel}","templated":true}]}}