{"id":47783,"date":"2023-11-22T09:18:07","date_gmt":"2023-11-22T15:18:07","guid":{"rendered":"https:\/\/encuentroinformativo.com.mx\/?p=47783"},"modified":"2023-11-22T09:18:14","modified_gmt":"2023-11-22T15:18:14","slug":"veracruz-vive-apasionada-noche-de-tangos-con-tere-aranda","status":"publish","type":"post","link":"https:\/\/encuentroinformativo.com.mx\/?p=47783","title":{"rendered":"Veracruz vive apasionada Noche de Tangos con Tere Aranda"},"content":{"rendered":"\n<p><strong>Alejandro \u00c1vila<\/strong><\/p>\n\n\n\n<p>Veracruz, Ver.- M\u00e1gica, elegante y apasionada noche de tangos es lo que vivi\u00f3 el p\u00fablico asistente al Teatro &#8220;Francisco Javier Clavijero&#8221;, que ovacion\u00f3 el arte y voz de la cantante Tere Aranda acompa\u00f1ada de la compa\u00f1\u00eda \u201cTango Delirio\u201d de Karina Guill\u00e9n, del Ballet Dancing Dreams Studio y de la orquesta \u201cBarrio de Tango\u201d.<\/p>\n\n\n\n<p>Minutos despu\u00e9s de las 8 de la noche, el tel\u00f3n rojo p\u00farpura del majestuoso Teatro Francisco Javier Clavijero se levant\u00f3 apara iniciar uno de los espect\u00e1culos m\u00e1s maravillosos de tango que se haya presentado en Veracruz.&nbsp;<\/p>\n\n\n\n<p>Tere Aranda cant\u00f3 los tangos m\u00e1s emblem\u00e1ticos de Argentina y obviamente de Carlos Gardel y Agust\u00edn Lara, mientras que la compa\u00f1\u00eda&nbsp; \u201cTango Delirio\u201d daba muestras magistrales de baile con cortes, quebradas y firuletes, una gran elegancia del tango sal\u00f3n, tango de piso y tango de fantas\u00eda.<\/p>\n\n\n\n<p>Por su parte, Dancing Dreams Studio puso la nota juvenil en la interpretaci\u00f3n de tango electr\u00f3nico con extraordinarias bailarinas en una fusi\u00f3n de tango, ballet cl\u00e1sico y moderno.<\/p>\n\n\n\n<p>\u201cDespu\u00e9s\u201d, \u201cArr\u00e1ncame la vida\u201d y \u201cConsejo\u201d fueron tres de los tangos de Agust\u00edn Lara que Tere Aranda interpret\u00f3 con gran pasi\u00f3n, acompa\u00f1ada de la talentos\u00edsima Clara Stern en bandone\u00f3n. \u201cEl d\u00eda que me quieras\u201d, \u201cUno\u201d, \u201cVolver\u201d, \u201cPasional\u201d y \u201cCambalache\u201d tambi\u00e9n formaron parte del repertorio interpretado por \u201cLa Dama del Tango\u201d.<\/p>\n\n\n\n<p>Participaron en este espect\u00e1culo \u201cLa Noche es Tango\u201d m\u00e1s de 20 artistas en escena con orquesta en vivo, la extraordinaria voz de Tere Aranda ofreciendo a Veracruz una noche sensual, elegante y llena de magia.<\/p>\n\n\n\n<figure class=\"wp-block-image size-large\"><img loading=\"lazy\" decoding=\"async\" width=\"1024\" height=\"768\" src=\"https:\/\/encuentroinformativo.com.mx\/wp-content\/uploads\/2023\/11\/IMG-20231121-WA0150-1024x768.jpg\" alt=\"\" class=\"wp-image-47785\" srcset=\"https:\/\/encuentroinformativo.com.mx\/wp-content\/uploads\/2023\/11\/IMG-20231121-WA0150-1024x768.jpg 1024w, https:\/\/encuentroinformativo.com.mx\/wp-content\/uploads\/2023\/11\/IMG-20231121-WA0150-300x225.jpg 300w, https:\/\/encuentroinformativo.com.mx\/wp-content\/uploads\/2023\/11\/IMG-20231121-WA0150-768x576.jpg 768w, https:\/\/encuentroinformativo.com.mx\/wp-content\/uploads\/2023\/11\/IMG-20231121-WA0150-1536x1152.jpg 1536w, https:\/\/encuentroinformativo.com.mx\/wp-content\/uploads\/2023\/11\/IMG-20231121-WA0150.jpg 1600w\" sizes=\"auto, (max-width: 1024px) 100vw, 1024px\" \/><\/figure>\n","protected":false},"excerpt":{"rendered":"<p>Alejandro \u00c1vila Veracruz, Ver.- M\u00e1gica, elegante y apasionada noche de tangos es lo que vivi\u00f3 el p\u00fablico asistente al Teatro &#8220;Francisco Javier Clavijero&#8221;, que ovacion\u00f3 el arte y voz de la cantante Tere Aranda acompa\u00f1ada de la compa\u00f1\u00eda \u201cTango Delirio\u201d de Karina Guill\u00e9n, del Ballet Dancing Dreams Studio y de la orquesta \u201cBarrio de Tango\u201d. [&hellip;]<\/p>\n","protected":false},"author":2476,"featured_media":47784,"comment_status":"open","ping_status":"open","sticky":false,"template":"","format":"standard","meta":{"_jetpack_memberships_contains_paid_content":false,"footnotes":""},"categories":[2],"tags":[],"class_list":["post-47783","post","type-post","status-publish","format-standard","has-post-thumbnail","hentry","category-estado"],"jetpack_featured_media_url":"https:\/\/encuentroinformativo.com.mx\/wp-content\/uploads\/2023\/11\/IMG-20231121-WA01512.jpg","jetpack_sharing_enabled":true,"jetpack_likes_enabled":true,"amp_enabled":true,"_links":{"self":[{"href":"https:\/\/encuentroinformativo.com.mx\/index.php?rest_route=\/wp\/v2\/posts\/47783","targetHints":{"allow":["GET"]}}],"collection":[{"href":"https:\/\/encuentroinformativo.com.mx\/index.php?rest_route=\/wp\/v2\/posts"}],"about":[{"href":"https:\/\/encuentroinformativo.com.mx\/index.php?rest_route=\/wp\/v2\/types\/post"}],"author":[{"embeddable":true,"href":"https:\/\/encuentroinformativo.com.mx\/index.php?rest_route=\/wp\/v2\/users\/2476"}],"replies":[{"embeddable":true,"href":"https:\/\/encuentroinformativo.com.mx\/index.php?rest_route=%2Fwp%2Fv2%2Fcomments&post=47783"}],"version-history":[{"count":1,"href":"https:\/\/encuentroinformativo.com.mx\/index.php?rest_route=\/wp\/v2\/posts\/47783\/revisions"}],"predecessor-version":[{"id":47786,"href":"https:\/\/encuentroinformativo.com.mx\/index.php?rest_route=\/wp\/v2\/posts\/47783\/revisions\/47786"}],"wp:featuredmedia":[{"embeddable":true,"href":"https:\/\/encuentroinformativo.com.mx\/index.php?rest_route=\/wp\/v2\/media\/47784"}],"wp:attachment":[{"href":"https:\/\/encuentroinformativo.com.mx\/index.php?rest_route=%2Fwp%2Fv2%2Fmedia&parent=47783"}],"wp:term":[{"taxonomy":"category","embeddable":true,"href":"https:\/\/encuentroinformativo.com.mx\/index.php?rest_route=%2Fwp%2Fv2%2Fcategories&post=47783"},{"taxonomy":"post_tag","embeddable":true,"href":"https:\/\/encuentroinformativo.com.mx\/index.php?rest_route=%2Fwp%2Fv2%2Ftags&post=47783"}],"curies":[{"name":"wp","href":"https:\/\/api.w.org\/{rel}","templated":true}]}}