{"id":47796,"date":"2023-11-22T13:15:36","date_gmt":"2023-11-22T19:15:36","guid":{"rendered":"https:\/\/encuentroinformativo.com.mx\/?p=47796"},"modified":"2023-11-22T13:15:42","modified_gmt":"2023-11-22T19:15:42","slug":"anuncia-canirac-veracruz-verbena-del-vino-y-ruta-del-cafe","status":"publish","type":"post","link":"https:\/\/encuentroinformativo.com.mx\/?p=47796","title":{"rendered":"Anuncia Canirac Veracruz Verbena del Vino y Ruta del Caf\u00e9"},"content":{"rendered":"\n<p><strong>Alejandro \u00c1vila<\/strong><\/p>\n\n\n\n<p>Veracruz, Ver.- El presidente de Canirac Veracruz, Marcel Van Eick, anunci\u00f3 un nuevo evento de sus agremiados que se sumar\u00e1 a la Verbena del Vino; se trata del Ruta del Caf\u00e9, mismo que se llevar\u00e1 a cabo en los primeros meses del 2024.<\/p>\n\n\n\n<p>Es de mencionar que este martes por la tarde se anunci\u00f3 la novena edici\u00f3n de la Verbena del Vino, evento que se llevar\u00e1 a cabo los d\u00edas 2 y 3 de diciembre en la avenida Col\u00f3n, y donde se tendr\u00e1 de invitado especial a Italia; el costo de la entrada ser\u00e1 de 70 pesos, y la copa m\u00e1s 10 degustaciones costar\u00e1 300 pesos.<\/p>\n\n\n\n<p>&#8220;Una novedad que tenemos es nuestro pr\u00f3ximo evento que ser\u00e1 en febrero, el 17 y 18 en calle Mart\u00ed, por Plaza Mart\u00ed, vamos a tener nuestra primera Ruta del Caf\u00e9, es algo interesante para nuestros agremiados y para restaurantes y caf\u00e9s que no est\u00e1n afiliados y que pueden participar, justo para promover el buen caf\u00e9 aqu\u00ed en Veracruz, pero especialmente la gastronom\u00eda&#8221;, expres\u00f3.<\/p>\n\n\n\n<p>El empresario restaurantero mencion\u00f3 que muchas cafeter\u00edas a\u00fan no son tan conocidas, y con la experiencia que cuentan en organizaci\u00f3n de eventos buscan darle difusi\u00f3n para que la ciudadan\u00eda pueda acudir a sus negocios en fechas posteriores.<\/p>\n\n\n\n<p>&#8220;Es un evento que conviene para cada caf\u00e9, para cada restaurantero para participar con muchos talleres, con muchos cursos, tenemos catas de caf\u00e9 l\u00f3gicamente, entonces ser\u00e1 muy interesante para el p\u00fablico, estamos esperando una asistencia de alrededor de 2 mil personas&#8221;, destac\u00f3.<\/p>\n","protected":false},"excerpt":{"rendered":"<p>Alejandro \u00c1vila Veracruz, Ver.- El presidente de Canirac Veracruz, Marcel Van Eick, anunci\u00f3 un nuevo evento de sus agremiados que se sumar\u00e1 a la Verbena del Vino; se trata del Ruta del Caf\u00e9, mismo que se llevar\u00e1 a cabo en los primeros meses del 2024. Es de mencionar que este martes por la tarde se [&hellip;]<\/p>\n","protected":false},"author":2476,"featured_media":47797,"comment_status":"open","ping_status":"open","sticky":false,"template":"","format":"standard","meta":{"_jetpack_memberships_contains_paid_content":false,"footnotes":""},"categories":[2],"tags":[],"class_list":["post-47796","post","type-post","status-publish","format-standard","has-post-thumbnail","hentry","category-estado"],"jetpack_featured_media_url":"https:\/\/encuentroinformativo.com.mx\/wp-content\/uploads\/2023\/11\/IMG-20231122-WA0014.jpg","jetpack_sharing_enabled":true,"jetpack_likes_enabled":true,"amp_enabled":true,"_links":{"self":[{"href":"https:\/\/encuentroinformativo.com.mx\/index.php?rest_route=\/wp\/v2\/posts\/47796","targetHints":{"allow":["GET"]}}],"collection":[{"href":"https:\/\/encuentroinformativo.com.mx\/index.php?rest_route=\/wp\/v2\/posts"}],"about":[{"href":"https:\/\/encuentroinformativo.com.mx\/index.php?rest_route=\/wp\/v2\/types\/post"}],"author":[{"embeddable":true,"href":"https:\/\/encuentroinformativo.com.mx\/index.php?rest_route=\/wp\/v2\/users\/2476"}],"replies":[{"embeddable":true,"href":"https:\/\/encuentroinformativo.com.mx\/index.php?rest_route=%2Fwp%2Fv2%2Fcomments&post=47796"}],"version-history":[{"count":1,"href":"https:\/\/encuentroinformativo.com.mx\/index.php?rest_route=\/wp\/v2\/posts\/47796\/revisions"}],"predecessor-version":[{"id":47798,"href":"https:\/\/encuentroinformativo.com.mx\/index.php?rest_route=\/wp\/v2\/posts\/47796\/revisions\/47798"}],"wp:featuredmedia":[{"embeddable":true,"href":"https:\/\/encuentroinformativo.com.mx\/index.php?rest_route=\/wp\/v2\/media\/47797"}],"wp:attachment":[{"href":"https:\/\/encuentroinformativo.com.mx\/index.php?rest_route=%2Fwp%2Fv2%2Fmedia&parent=47796"}],"wp:term":[{"taxonomy":"category","embeddable":true,"href":"https:\/\/encuentroinformativo.com.mx\/index.php?rest_route=%2Fwp%2Fv2%2Fcategories&post=47796"},{"taxonomy":"post_tag","embeddable":true,"href":"https:\/\/encuentroinformativo.com.mx\/index.php?rest_route=%2Fwp%2Fv2%2Ftags&post=47796"}],"curies":[{"name":"wp","href":"https:\/\/api.w.org\/{rel}","templated":true}]}}