{"id":47799,"date":"2023-11-22T13:20:18","date_gmt":"2023-11-22T19:20:18","guid":{"rendered":"https:\/\/encuentroinformativo.com.mx\/?p=47799"},"modified":"2023-11-22T13:20:22","modified_gmt":"2023-11-22T19:20:22","slug":"arboles-danan-vehiculos-tras-evento-de-norte-playas-permanecen-cerradas-pc-veracruz","status":"publish","type":"post","link":"https:\/\/encuentroinformativo.com.mx\/?p=47799","title":{"rendered":"\u00c1rboles da\u00f1an veh\u00edculos tras evento de norte, playas permanecen cerradas: PC Veracruz"},"content":{"rendered":"\n<p><strong>Alejandro \u00c1vila<\/strong><\/p>\n\n\n\n<p>Veracruz, Ver.- A pesar de que los reportes tras el evento del norte de este martes 21 de noviembre han sido m\u00ednimos, dos veh\u00edculos fueron da\u00f1ados tras la ca\u00edda de \u00e1rboles y se registr\u00f3 el colapso de siete postes, inform\u00f3 el director de Protecci\u00f3n Civil de Veracruz, Alfonso Garc\u00eda Cardona.<\/p>\n\n\n\n<p>El funcionario municipal dijo que a pesar de los da\u00f1os materiales que los vientos del norte ocasionaron, destac\u00f3 que no haya habido personas lesionadas tras las inclemencias del tiempo.<\/p>\n\n\n\n<p>&#8220;Los reportes han sido m\u00ednimos, afortunadamente no han sido como en el primer evento de norte que tuvimos fuerte, pero desafortunadamente en esta ocasi\u00f3n hubo dos veh\u00edculos da\u00f1ados. Hemos tenido un promedio de cinco \u00e1rboles ca\u00eddos, siete postes tambi\u00e9n ca\u00eddos, tres de ellos alumbrado y los otros de otras empresas, tanto de Comisi\u00f3n como de Telmex, los cuales sufrieron un colapso, y una cantidad de llamadas por cable reventados, la mayor\u00eda de estos de televisi\u00f3n, afortunadamente no ha habido ninguna persona lesionada al respecto&#8221;, subray\u00f3.<\/p>\n\n\n\n<p>Alfonso Garc\u00eda Cardona agreg\u00f3 que este mi\u00e9rcoles contin\u00faa el trabajo de las \u00e1reas operativas, pues se encuentran pendientes de nuevos reportes de incidentes; al tiempo que aclar\u00f3, las playas se encuentran cerradas para la inmersi\u00f3n de los ba\u00f1istas, pues no existen las condiciones adecuadas para que puedan ingresar al mar.<\/p>\n\n\n\n<p>&#8220;Se sigue trabajando, las \u00e1reas operativas siguen en la calle todav\u00eda, ahorita en la ma\u00f1ana se estaban dando un par de reportes de \u00e1rboles. Y la indicaci\u00f3n de la alcaldesa, Patricia Lobeira es que estemos muy pendientes y atendiendo esos reportes (\u2026) las playas contin\u00faan con bandera roja en la torre de guardavidas, indicativo de que no hay condiciones seguras para introducirse al mar&#8221;, culmin\u00f3.<\/p>\n","protected":false},"excerpt":{"rendered":"<p>Alejandro \u00c1vila Veracruz, Ver.- A pesar de que los reportes tras el evento del norte de este martes 21 de noviembre han sido m\u00ednimos, dos veh\u00edculos fueron da\u00f1ados tras la ca\u00edda de \u00e1rboles y se registr\u00f3 el colapso de siete postes, inform\u00f3 el director de Protecci\u00f3n Civil de Veracruz, Alfonso Garc\u00eda Cardona. El funcionario municipal [&hellip;]<\/p>\n","protected":false},"author":2476,"featured_media":47800,"comment_status":"open","ping_status":"open","sticky":false,"template":"","format":"standard","meta":{"_jetpack_memberships_contains_paid_content":false,"footnotes":""},"categories":[2],"tags":[],"class_list":["post-47799","post","type-post","status-publish","format-standard","has-post-thumbnail","hentry","category-estado"],"jetpack_featured_media_url":"https:\/\/encuentroinformativo.com.mx\/wp-content\/uploads\/2023\/11\/IMG-20231122-WA0015.jpg","jetpack_sharing_enabled":true,"jetpack_likes_enabled":true,"amp_enabled":true,"_links":{"self":[{"href":"https:\/\/encuentroinformativo.com.mx\/index.php?rest_route=\/wp\/v2\/posts\/47799","targetHints":{"allow":["GET"]}}],"collection":[{"href":"https:\/\/encuentroinformativo.com.mx\/index.php?rest_route=\/wp\/v2\/posts"}],"about":[{"href":"https:\/\/encuentroinformativo.com.mx\/index.php?rest_route=\/wp\/v2\/types\/post"}],"author":[{"embeddable":true,"href":"https:\/\/encuentroinformativo.com.mx\/index.php?rest_route=\/wp\/v2\/users\/2476"}],"replies":[{"embeddable":true,"href":"https:\/\/encuentroinformativo.com.mx\/index.php?rest_route=%2Fwp%2Fv2%2Fcomments&post=47799"}],"version-history":[{"count":1,"href":"https:\/\/encuentroinformativo.com.mx\/index.php?rest_route=\/wp\/v2\/posts\/47799\/revisions"}],"predecessor-version":[{"id":47801,"href":"https:\/\/encuentroinformativo.com.mx\/index.php?rest_route=\/wp\/v2\/posts\/47799\/revisions\/47801"}],"wp:featuredmedia":[{"embeddable":true,"href":"https:\/\/encuentroinformativo.com.mx\/index.php?rest_route=\/wp\/v2\/media\/47800"}],"wp:attachment":[{"href":"https:\/\/encuentroinformativo.com.mx\/index.php?rest_route=%2Fwp%2Fv2%2Fmedia&parent=47799"}],"wp:term":[{"taxonomy":"category","embeddable":true,"href":"https:\/\/encuentroinformativo.com.mx\/index.php?rest_route=%2Fwp%2Fv2%2Fcategories&post=47799"},{"taxonomy":"post_tag","embeddable":true,"href":"https:\/\/encuentroinformativo.com.mx\/index.php?rest_route=%2Fwp%2Fv2%2Ftags&post=47799"}],"curies":[{"name":"wp","href":"https:\/\/api.w.org\/{rel}","templated":true}]}}