{"id":47802,"date":"2023-11-22T14:48:33","date_gmt":"2023-11-22T20:48:33","guid":{"rendered":"https:\/\/encuentroinformativo.com.mx\/?p=47802"},"modified":"2023-11-22T14:48:40","modified_gmt":"2023-11-22T20:48:40","slug":"por-imposiciones-de-alito-sindica-de-maltrata-renuncia-al-pri","status":"publish","type":"post","link":"https:\/\/encuentroinformativo.com.mx\/?p=47802","title":{"rendered":"Por imposiciones de &#8220;Alito&#8221; s\u00edndica de Maltrata renuncia al PRI"},"content":{"rendered":"\n<p><strong>Alejandro \u00c1vila<\/strong><\/p>\n\n\n\n<p>Maltrata, Ver.- Contin\u00faa la dimisi\u00f3n en el PRI de Veracruz, este mi\u00e9rcoles la Sindica del municipio de Maltrata, Sara Ivette Jacinto Vega, renunci\u00f3 al partido tricolor argumentando la cerraz\u00f3n de la dirigencia nacional encabezada por Alejandro &#8220;Alito&#8221; Moreno para escuchar a la militancia veracruzana, tras imponer a Adolfo Ram\u00edrez Arana, en la presidencia estatal.<\/p>\n\n\n\n<p>La funcionaria municipal aclar\u00f3 que lo m\u00e1s importante que tiene un pol\u00edtico es su palabra, ya que de ah\u00ed se genera la confianza, confianza para construir y servir, ese es el fin de los pol\u00edticos dijo, y estas acciones no las ve en la actual dirigencia nacional y estatal.<\/p>\n\n\n\n<p>&#8220;Me afili\u00e9 al PRI entendiendo estos valores y en 2021 fui invitada a participar como candidata a sindica en mi municipio, Maltrata, y al d\u00eda de hoy tengo la oportunidad de poder servirle a mis paisanos desde este digno cargo; al mismo tiempo me adentr\u00e9 en mi responsabilidad con mi partido y atend\u00ed siempre todas las convocatorias y llamados que me hicieron, sin embargo recientemente&nbsp; pude atestiguar c\u00f3mo existen \u201cpol\u00edticos\u201d a los que la ambici\u00f3n personal no les permite ser personas que hablen y act\u00faen con congruencia en la lealtad al partido y las funciones p\u00fablicas diarias. Vi como desde la dirigencia nacional Alejandro Moreno impuso en nuestro estado a una nueva dirigencia estatal, sin importar el trabajo y mucho menos la opini\u00f3n de quienes servimos gracias al PRI, faltando a su palabra e hiriendo de muerte nuestro partido en este estado&#8221;, reclam\u00f3.<\/p>\n\n\n\n<p>En ese sentido, la integrante del Cabildo de Maltrata aclar\u00f3 que sus ideales y convicciones no le permite militar en un partido donde hay &#8220;o\u00eddos sordos&#8221;, donde se agrede y se violenta como se ha visto en este estado a quienes pensamos diferente a la dirigencia nacional y ahora tambi\u00e9n siguiendo el ejemplo de &#8220;Alito&#8221;, desde la dirigencia estatal.<\/p>\n\n\n\n<p>&#8220;Por eso es que con tristeza quiero hacer p\u00fablica mi renuncia al PRI de Alito, pues no ser\u00e9 parte de la simulaci\u00f3n que existe desde el partido con rumbo a la elecci\u00f3n de 2024, y digo simulaci\u00f3n porque es lo que se est\u00e1 haciendo, se dice que se trabaja para ganar, sin embargo desde el interior del PRI se act\u00faa con el claro objetivo de destruir al partido&nbsp; para buscar perder, las acciones de la dirigencia nacional son claras y los valores que alguna vez hubo en el partido en el que cre\u00ed han desaparecido&#8221;, expres\u00f3.<\/p>\n\n\n\n<p>Finalmente, expuso que seguir\u00e1 sirviendo a sus paisanos con el mismo entusiasmo y compromiso como lo ha hecho desde el primer d\u00eda.<\/p>\n","protected":false},"excerpt":{"rendered":"<p>Alejandro \u00c1vila Maltrata, Ver.- Contin\u00faa la dimisi\u00f3n en el PRI de Veracruz, este mi\u00e9rcoles la Sindica del municipio de Maltrata, Sara Ivette Jacinto Vega, renunci\u00f3 al partido tricolor argumentando la cerraz\u00f3n de la dirigencia nacional encabezada por Alejandro &#8220;Alito&#8221; Moreno para escuchar a la militancia veracruzana, tras imponer a Adolfo Ram\u00edrez Arana, en la presidencia [&hellip;]<\/p>\n","protected":false},"author":2476,"featured_media":47803,"comment_status":"open","ping_status":"open","sticky":false,"template":"","format":"standard","meta":{"_jetpack_memberships_contains_paid_content":false,"footnotes":""},"categories":[2],"tags":[],"class_list":["post-47802","post","type-post","status-publish","format-standard","has-post-thumbnail","hentry","category-estado"],"jetpack_featured_media_url":"https:\/\/encuentroinformativo.com.mx\/wp-content\/uploads\/2023\/11\/IMG-20231122-WA00422.jpg","jetpack_sharing_enabled":true,"jetpack_likes_enabled":true,"amp_enabled":true,"_links":{"self":[{"href":"https:\/\/encuentroinformativo.com.mx\/index.php?rest_route=\/wp\/v2\/posts\/47802","targetHints":{"allow":["GET"]}}],"collection":[{"href":"https:\/\/encuentroinformativo.com.mx\/index.php?rest_route=\/wp\/v2\/posts"}],"about":[{"href":"https:\/\/encuentroinformativo.com.mx\/index.php?rest_route=\/wp\/v2\/types\/post"}],"author":[{"embeddable":true,"href":"https:\/\/encuentroinformativo.com.mx\/index.php?rest_route=\/wp\/v2\/users\/2476"}],"replies":[{"embeddable":true,"href":"https:\/\/encuentroinformativo.com.mx\/index.php?rest_route=%2Fwp%2Fv2%2Fcomments&post=47802"}],"version-history":[{"count":1,"href":"https:\/\/encuentroinformativo.com.mx\/index.php?rest_route=\/wp\/v2\/posts\/47802\/revisions"}],"predecessor-version":[{"id":47804,"href":"https:\/\/encuentroinformativo.com.mx\/index.php?rest_route=\/wp\/v2\/posts\/47802\/revisions\/47804"}],"wp:featuredmedia":[{"embeddable":true,"href":"https:\/\/encuentroinformativo.com.mx\/index.php?rest_route=\/wp\/v2\/media\/47803"}],"wp:attachment":[{"href":"https:\/\/encuentroinformativo.com.mx\/index.php?rest_route=%2Fwp%2Fv2%2Fmedia&parent=47802"}],"wp:term":[{"taxonomy":"category","embeddable":true,"href":"https:\/\/encuentroinformativo.com.mx\/index.php?rest_route=%2Fwp%2Fv2%2Fcategories&post=47802"},{"taxonomy":"post_tag","embeddable":true,"href":"https:\/\/encuentroinformativo.com.mx\/index.php?rest_route=%2Fwp%2Fv2%2Ftags&post=47802"}],"curies":[{"name":"wp","href":"https:\/\/api.w.org\/{rel}","templated":true}]}}