{"id":47838,"date":"2023-11-23T10:03:27","date_gmt":"2023-11-23T16:03:27","guid":{"rendered":"https:\/\/encuentroinformativo.com.mx\/?p=47838"},"modified":"2023-11-23T10:03:30","modified_gmt":"2023-11-23T16:03:30","slug":"designa-ssp-a-cuatro-mujeres-al-frente-de-comandancias-y-delegaciones-de-policia","status":"publish","type":"post","link":"https:\/\/encuentroinformativo.com.mx\/?p=47838","title":{"rendered":"Designa SSP a cuatro mujeres al frente de comandancias y delegaciones de Polic\u00eda"},"content":{"rendered":"\n<p>Xalapa, Ver.- El Secretario de Seguridad P\u00fablica, Cap. Cuauht\u00e9moc Z\u00fa\u00f1iga Bonilla refrendo su apoyo hacia el trabajo diario y el esfuerzo de elementos destacados, nombrando a cuatro oficiales de Polic\u00eda Estatal y Fuerza Civil como responsables de delegaciones en Xico, Tantoyuca y Boca del R\u00edo.<\/p>\n\n\n\n<p>Las oficiales y ahora responsables del mando operativo en la Delegaci\u00f3n Estatal de Polic\u00eda Regi\u00f3n XIV en Xico, Comandancia Estatal de Polic\u00eda de Tantoyuca, Comandancia de Fuerza de Reacci\u00f3n y Base de Operaciones C5i en Boca del R\u00edo recibieron el nombramiento de manos del titular de SSP.<\/p>\n\n\n\n<p>Z\u00fa\u00f1iga Bonilla exhort\u00f3 a las oficiales a conducirse siempre apegadas a los protocolos y el actuar policial que rige a la SSP. Asimismo, una de ellas consider\u00f3 que la oportunidad que les brindan abre un nuevo camino para las mujeres polic\u00edas.<\/p>\n\n\n\n<p>\u201cGracias por la oportunidad que nos est\u00e1 dando, es un nuevo reto, porque una cosa es ser operativa y estar a la par con todos los compa\u00f1eros y otra es ya estar al frente de un grupo y mirar desde otra perspectiva las cosas\u201d, consider\u00f3.<\/p>\n\n\n\n<figure class=\"wp-block-image size-large\"><img loading=\"lazy\" decoding=\"async\" width=\"1024\" height=\"478\" src=\"https:\/\/encuentroinformativo.com.mx\/wp-content\/uploads\/2023\/11\/IMG-20231123-WA0006-1024x478.jpg\" alt=\"\" class=\"wp-image-47840\" srcset=\"https:\/\/encuentroinformativo.com.mx\/wp-content\/uploads\/2023\/11\/IMG-20231123-WA0006-1024x478.jpg 1024w, https:\/\/encuentroinformativo.com.mx\/wp-content\/uploads\/2023\/11\/IMG-20231123-WA0006-300x140.jpg 300w, https:\/\/encuentroinformativo.com.mx\/wp-content\/uploads\/2023\/11\/IMG-20231123-WA0006-768x359.jpg 768w, https:\/\/encuentroinformativo.com.mx\/wp-content\/uploads\/2023\/11\/IMG-20231123-WA0006-1536x717.jpg 1536w, https:\/\/encuentroinformativo.com.mx\/wp-content\/uploads\/2023\/11\/IMG-20231123-WA0006.jpg 1600w\" sizes=\"auto, (max-width: 1024px) 100vw, 1024px\" \/><\/figure>\n","protected":false},"excerpt":{"rendered":"<p>Xalapa, Ver.- El Secretario de Seguridad P\u00fablica, Cap. Cuauht\u00e9moc Z\u00fa\u00f1iga Bonilla refrendo su apoyo hacia el trabajo diario y el esfuerzo de elementos destacados, nombrando a cuatro oficiales de Polic\u00eda Estatal y Fuerza Civil como responsables de delegaciones en Xico, Tantoyuca y Boca del R\u00edo. Las oficiales y ahora responsables del mando operativo en la [&hellip;]<\/p>\n","protected":false},"author":2476,"featured_media":47839,"comment_status":"open","ping_status":"open","sticky":false,"template":"","format":"standard","meta":{"_jetpack_memberships_contains_paid_content":false,"footnotes":""},"categories":[2],"tags":[],"class_list":["post-47838","post","type-post","status-publish","format-standard","has-post-thumbnail","hentry","category-estado"],"jetpack_featured_media_url":"https:\/\/encuentroinformativo.com.mx\/wp-content\/uploads\/2023\/11\/IMG-20231123-WA0001.jpg","jetpack_sharing_enabled":true,"jetpack_likes_enabled":true,"amp_enabled":true,"_links":{"self":[{"href":"https:\/\/encuentroinformativo.com.mx\/index.php?rest_route=\/wp\/v2\/posts\/47838","targetHints":{"allow":["GET"]}}],"collection":[{"href":"https:\/\/encuentroinformativo.com.mx\/index.php?rest_route=\/wp\/v2\/posts"}],"about":[{"href":"https:\/\/encuentroinformativo.com.mx\/index.php?rest_route=\/wp\/v2\/types\/post"}],"author":[{"embeddable":true,"href":"https:\/\/encuentroinformativo.com.mx\/index.php?rest_route=\/wp\/v2\/users\/2476"}],"replies":[{"embeddable":true,"href":"https:\/\/encuentroinformativo.com.mx\/index.php?rest_route=%2Fwp%2Fv2%2Fcomments&post=47838"}],"version-history":[{"count":1,"href":"https:\/\/encuentroinformativo.com.mx\/index.php?rest_route=\/wp\/v2\/posts\/47838\/revisions"}],"predecessor-version":[{"id":47841,"href":"https:\/\/encuentroinformativo.com.mx\/index.php?rest_route=\/wp\/v2\/posts\/47838\/revisions\/47841"}],"wp:featuredmedia":[{"embeddable":true,"href":"https:\/\/encuentroinformativo.com.mx\/index.php?rest_route=\/wp\/v2\/media\/47839"}],"wp:attachment":[{"href":"https:\/\/encuentroinformativo.com.mx\/index.php?rest_route=%2Fwp%2Fv2%2Fmedia&parent=47838"}],"wp:term":[{"taxonomy":"category","embeddable":true,"href":"https:\/\/encuentroinformativo.com.mx\/index.php?rest_route=%2Fwp%2Fv2%2Fcategories&post=47838"},{"taxonomy":"post_tag","embeddable":true,"href":"https:\/\/encuentroinformativo.com.mx\/index.php?rest_route=%2Fwp%2Fv2%2Ftags&post=47838"}],"curies":[{"name":"wp","href":"https:\/\/api.w.org\/{rel}","templated":true}]}}