{"id":47846,"date":"2023-11-23T11:52:44","date_gmt":"2023-11-23T17:52:44","guid":{"rendered":"https:\/\/encuentroinformativo.com.mx\/?p=47846"},"modified":"2023-11-23T11:52:48","modified_gmt":"2023-11-23T17:52:48","slug":"desconoce-manuel-huerta-quien-sera-su-companera-de-formula-en-busca-del-senado","status":"publish","type":"post","link":"https:\/\/encuentroinformativo.com.mx\/?p=47846","title":{"rendered":"Desconoce Manuel Huerta quien ser\u00e1 su compa\u00f1era de f\u00f3rmula en busca del Senado"},"content":{"rendered":"\n<p><strong>Alejandro \u00c1vila<\/strong><\/p>\n\n\n\n<p>Veracruz, Ver.- El ex delegado de Bienestar en Veracruz, Manuel Huerta Ladr\u00f3n de Guevara, present\u00f3 oficialmente su precandidatura a la Senadur\u00eda de la Rep\u00fablica y se\u00f1al\u00f3, que ser\u00e1 el pueblo quien decida a la mujer que lo acompa\u00f1ar\u00e1 en la segunda f\u00f3rmula.<\/p>\n\n\n\n<p>El ex funcionario federal dijo que cuenta con todo el respaldo de los militantes de Morena, y en caso de lograr la curul en la m\u00e1xima tribuna legislativa federal, luchar\u00e1 por concretar el proyecto de, Andr\u00e9s Manuel L\u00f3pez Obrador, &#8220;El Plan C&#8221;.<\/p>\n\n\n\n<p>&#8220;Manuel Huerta ya es de todos mis compa\u00f1eros, que yo no tengo preferidos para ning\u00fan cargo encargo, porque todav\u00eda en Morena y en los partidos aliados siguen debatiendo, por ejemplo, \u00bfqui\u00e9n va a ser la segunda f\u00f3rmula del Senado de Morena?. Decirles que en este caso Manuel Huerta respeta a todos, va a ser, eso s\u00ed, una compa\u00f1era, eso s\u00ed me da mucho gusto, cualquiera que elija la ciudadan\u00eda, porque tambi\u00e9n eso es otra marca de origen de nuestro movimiento, la democracia, va a ser el piso parejo hasta donde de la realidad, porque son diferentes las experiencias, los trabajos y dem\u00e1s. Nosotros ya lo demostramos en la primera etapa de decisiones de Veracruz, que ya est\u00e1 operando en el territorio en esto que les informaba y, la compa\u00f1era que elija la ciudadan\u00eda en esa encuesta que tendr\u00e1 que haber para elegir la segunda f\u00f3rmula, a m\u00ed me salv\u00f3 el acuerdo, de seguir pues, ya me dieron pase directo a la precandidatura \u00fanica al Senado&#8221;, expres\u00f3.<\/p>\n\n\n\n<p>Sobre la posibilidad de enfrentarse en la elecci\u00f3n al exgobernador, Miguel \u00c1ngel Yunes Linares, dijo tener conocimiento que tanto \u00e9l como su familia buscan los fueros pol\u00edticos a trav\u00e9s de las posiciones plurinomilares.<\/p>\n\n\n\n<p>&#8220;Andan por los fueros, qu\u00e9 bueno que lo preguntan porque por eso es importante el Plan C, y el sue\u00f1o que tenemos de que la Reforma Judicial se haga, porque hay muchos delincuentes, yo fui diputado dos veces, s\u00e9 lo que hicieron, hicieron puertas de salida, hicieron mecanismos para desmontar este modelo que hicieron, nosotros queremos acelerar para que sea en no menos de 12 a\u00f1os, si bien nos va, pero ellos lo hicieron para que el desmontaje durara d\u00e9cadas, si pudieran siglos, es m\u00e1s, ni se quer\u00edan ir, quieren regresar ahora s\u00ed por sus fueros para continuar con la corrupci\u00f3n, para continuar con sus privilegios, ahora quieren fueros porque saben que no les va a dar, ahora tengo datos que nadie quede ser candidato a gobernador, ahora ya ni Pepe quiere entrarle porque saben que van a perder, entonces todos quieren ir por las plurinominales. Yo quisiera que Miguel \u00c1ngel padre se pronunciara y ahora volvi\u00e9ramos a ir a una contienda cara a cara, que se quiten la m\u00e1scara&#8221;, asest\u00f3.<\/p>\n","protected":false},"excerpt":{"rendered":"<p>Alejandro \u00c1vila Veracruz, Ver.- El ex delegado de Bienestar en Veracruz, Manuel Huerta Ladr\u00f3n de Guevara, present\u00f3 oficialmente su precandidatura a la Senadur\u00eda de la Rep\u00fablica y se\u00f1al\u00f3, que ser\u00e1 el pueblo quien decida a la mujer que lo acompa\u00f1ar\u00e1 en la segunda f\u00f3rmula. El ex funcionario federal dijo que cuenta con todo el respaldo [&hellip;]<\/p>\n","protected":false},"author":2476,"featured_media":47847,"comment_status":"open","ping_status":"open","sticky":false,"template":"","format":"standard","meta":{"_jetpack_memberships_contains_paid_content":false,"footnotes":""},"categories":[2],"tags":[],"class_list":["post-47846","post","type-post","status-publish","format-standard","has-post-thumbnail","hentry","category-estado"],"jetpack_featured_media_url":"https:\/\/encuentroinformativo.com.mx\/wp-content\/uploads\/2023\/11\/IMG-20231123-WA0017.jpg","jetpack_sharing_enabled":true,"jetpack_likes_enabled":true,"amp_enabled":true,"_links":{"self":[{"href":"https:\/\/encuentroinformativo.com.mx\/index.php?rest_route=\/wp\/v2\/posts\/47846","targetHints":{"allow":["GET"]}}],"collection":[{"href":"https:\/\/encuentroinformativo.com.mx\/index.php?rest_route=\/wp\/v2\/posts"}],"about":[{"href":"https:\/\/encuentroinformativo.com.mx\/index.php?rest_route=\/wp\/v2\/types\/post"}],"author":[{"embeddable":true,"href":"https:\/\/encuentroinformativo.com.mx\/index.php?rest_route=\/wp\/v2\/users\/2476"}],"replies":[{"embeddable":true,"href":"https:\/\/encuentroinformativo.com.mx\/index.php?rest_route=%2Fwp%2Fv2%2Fcomments&post=47846"}],"version-history":[{"count":1,"href":"https:\/\/encuentroinformativo.com.mx\/index.php?rest_route=\/wp\/v2\/posts\/47846\/revisions"}],"predecessor-version":[{"id":47848,"href":"https:\/\/encuentroinformativo.com.mx\/index.php?rest_route=\/wp\/v2\/posts\/47846\/revisions\/47848"}],"wp:featuredmedia":[{"embeddable":true,"href":"https:\/\/encuentroinformativo.com.mx\/index.php?rest_route=\/wp\/v2\/media\/47847"}],"wp:attachment":[{"href":"https:\/\/encuentroinformativo.com.mx\/index.php?rest_route=%2Fwp%2Fv2%2Fmedia&parent=47846"}],"wp:term":[{"taxonomy":"category","embeddable":true,"href":"https:\/\/encuentroinformativo.com.mx\/index.php?rest_route=%2Fwp%2Fv2%2Fcategories&post=47846"},{"taxonomy":"post_tag","embeddable":true,"href":"https:\/\/encuentroinformativo.com.mx\/index.php?rest_route=%2Fwp%2Fv2%2Ftags&post=47846"}],"curies":[{"name":"wp","href":"https:\/\/api.w.org\/{rel}","templated":true}]}}