{"id":47849,"date":"2023-11-23T12:36:39","date_gmt":"2023-11-23T18:36:39","guid":{"rendered":"https:\/\/encuentroinformativo.com.mx\/?p=47849"},"modified":"2023-11-23T12:36:43","modified_gmt":"2023-11-23T18:36:43","slug":"se-registro-primera-nevada-del-cofre-de-perote","status":"publish","type":"post","link":"https:\/\/encuentroinformativo.com.mx\/?p=47849","title":{"rendered":"Se registr\u00f3 primera nevada del Cofre de Perote"},"content":{"rendered":"\n<p><strong>Dar\u00edo Pale <\/strong><\/p>\n\n\n\n<p>Xalapa, Ver.- Este jueves se registr\u00f3 la primera nevada de la temporada en el Cofre de Perote, as\u00ed lo inform\u00f3 la Jefa del Departamento de Hidrometeorolog\u00eda de la Comisi\u00f3n Nacional del Agua (Conagua), Jessica Luna.<\/p>\n\n\n\n<p>Mediante sus redes sociales la funcionaria expuso que se trata de una nevada &#8220;ligera&#8221; en el Cofre de Perote, pero tambi\u00e9n la hubo en el Pico de Orizaba, las primeras im\u00e1genes que comparti\u00f3 fueron de Mart\u00edn Bowers y de ZS Luis, de ambas monta\u00f1as que lucen cubiertas de nieve.<\/p>\n\n\n\n<p>A una altura de los 3,900 metros sobre el Nivel del Mar se logro una precipitaci\u00f3n de agua nieve, donde se tiene un espesor de 3 a 5 cent\u00edmetro en su parte noroeste de la pe\u00f1a del cofre de perote.<\/p>\n\n\n\n<p>Algunos ciudadanos lograron ver a lo lejos esta agua nieve desde varias ciudades como lo es Xalapa, Perote, Coatepec entre otras, Protecci\u00f3n Civil inicio el operativo desde las 04:00 horas.<br>Apenas este mi\u00e9rcoles se difundieron im\u00e1genes de las primeras nevadas de la temporada en nuestro pa\u00eds.<\/p>\n\n\n\n<p>La Conagua inform\u00f3 que se preve\u00edan nevadas y ca\u00edda de aguanieve en las partes altas de Chihuahua, Coahuila, Nuevo Le\u00f3n, San Luis Potos\u00ed, Zacatecas y Durango, as\u00ed como en las cimas del Nevado de Toluca, Popocat\u00e9petl, Iztacc\u00edhuatl, Sierra Negra, La Malinche, pero tambi\u00e9n en el Cofre de Perote y Pico de Orizaba.<\/p>\n","protected":false},"excerpt":{"rendered":"<p>Dar\u00edo Pale Xalapa, Ver.- Este jueves se registr\u00f3 la primera nevada de la temporada en el Cofre de Perote, as\u00ed lo inform\u00f3 la Jefa del Departamento de Hidrometeorolog\u00eda de la Comisi\u00f3n Nacional del Agua (Conagua), Jessica Luna. Mediante sus redes sociales la funcionaria expuso que se trata de una nevada &#8220;ligera&#8221; en el Cofre de [&hellip;]<\/p>\n","protected":false},"author":2476,"featured_media":47850,"comment_status":"open","ping_status":"open","sticky":false,"template":"","format":"standard","meta":{"_jetpack_memberships_contains_paid_content":false,"footnotes":""},"categories":[8],"tags":[],"class_list":["post-47849","post","type-post","status-publish","format-standard","has-post-thumbnail","hentry","category-region"],"jetpack_featured_media_url":"https:\/\/encuentroinformativo.com.mx\/wp-content\/uploads\/2023\/11\/IMG-20231123-WA0012.jpg","jetpack_sharing_enabled":true,"jetpack_likes_enabled":true,"amp_enabled":true,"_links":{"self":[{"href":"https:\/\/encuentroinformativo.com.mx\/index.php?rest_route=\/wp\/v2\/posts\/47849","targetHints":{"allow":["GET"]}}],"collection":[{"href":"https:\/\/encuentroinformativo.com.mx\/index.php?rest_route=\/wp\/v2\/posts"}],"about":[{"href":"https:\/\/encuentroinformativo.com.mx\/index.php?rest_route=\/wp\/v2\/types\/post"}],"author":[{"embeddable":true,"href":"https:\/\/encuentroinformativo.com.mx\/index.php?rest_route=\/wp\/v2\/users\/2476"}],"replies":[{"embeddable":true,"href":"https:\/\/encuentroinformativo.com.mx\/index.php?rest_route=%2Fwp%2Fv2%2Fcomments&post=47849"}],"version-history":[{"count":1,"href":"https:\/\/encuentroinformativo.com.mx\/index.php?rest_route=\/wp\/v2\/posts\/47849\/revisions"}],"predecessor-version":[{"id":47851,"href":"https:\/\/encuentroinformativo.com.mx\/index.php?rest_route=\/wp\/v2\/posts\/47849\/revisions\/47851"}],"wp:featuredmedia":[{"embeddable":true,"href":"https:\/\/encuentroinformativo.com.mx\/index.php?rest_route=\/wp\/v2\/media\/47850"}],"wp:attachment":[{"href":"https:\/\/encuentroinformativo.com.mx\/index.php?rest_route=%2Fwp%2Fv2%2Fmedia&parent=47849"}],"wp:term":[{"taxonomy":"category","embeddable":true,"href":"https:\/\/encuentroinformativo.com.mx\/index.php?rest_route=%2Fwp%2Fv2%2Fcategories&post=47849"},{"taxonomy":"post_tag","embeddable":true,"href":"https:\/\/encuentroinformativo.com.mx\/index.php?rest_route=%2Fwp%2Fv2%2Ftags&post=47849"}],"curies":[{"name":"wp","href":"https:\/\/api.w.org\/{rel}","templated":true}]}}