{"id":47852,"date":"2023-11-23T12:46:01","date_gmt":"2023-11-23T18:46:01","guid":{"rendered":"https:\/\/encuentroinformativo.com.mx\/?p=47852"},"modified":"2023-11-23T12:47:10","modified_gmt":"2023-11-23T18:47:10","slug":"urge-mayor-impulso-al-son-jarocho-ricardo-perry","status":"publish","type":"post","link":"https:\/\/encuentroinformativo.com.mx\/?p=47852","title":{"rendered":"Urge mayor impulso al son jarocho: Ricardo Perry"},"content":{"rendered":"\n<p><strong>Dar\u00edo Pale <\/strong><\/p>\n\n\n\n<p>Xalapa, Ver.- El director general de Los Cojolites, Ricardo Perry dio a conocer que urge apoyo para el Son Jarocho, ha deca\u00eddo &nbsp;promoci\u00f3n en los \u00faltimos dos a\u00f1os, esto tras la efervescencia que tuvo el son jarocho, durante los \u00faltimos dos a\u00f1os se enfrent\u00f3 a una decadencia ante la falta de recursos para la realizaci\u00f3n de encuentros o festividades. &nbsp;<\/p>\n\n\n\n<p>En entrevista el director ejecutivo de Los Cojolites, Ricardo Perry destac\u00f3 que gracias a artistas como Natalia Lafourcade, han podido recibir premios importantes como Los Grammys.&nbsp;<\/p>\n\n\n\n<p>\u201cAh\u00ed estamos, vamos trabajando este a\u00f1o, actualmente hicimos una grabaci\u00f3n, esperemos que pronto salga a la luz y estamos pensando en el pr\u00f3ximo trabajo grabaci\u00f3n en vivo\u201d, coment\u00f3.<\/p>\n\n\n\n<p>En otro orden de ideas dio a conocer que se presentar\u00e1 este jueves en la inauguraci\u00f3n del Festival Xalapa y su Cultura, lament\u00f3 que cada vez sean menos las festividades que se realizan y en donde se puedan presentar los representantes del Son Jarocho.&nbsp;<\/p>\n\n\n\n<p>&#8220;Son menos las festividades que hay, debemos activarlas y debe haber una chispa de encendido por parte del Estado, porque si no esta situaci\u00f3n va para mal, si hemos trabajado para levantar el son jarocho debemos hacer que suba, que siga en los ni\u00f1os, que no se pierda la m\u00fasica\u201d, se\u00f1al\u00f3.<\/p>\n\n\n\n<p>Coment\u00f3 que hace falta mucha difusi\u00f3n de la m\u00fasica ya que no hay una coordinaci\u00f3n por parte de quienes deben de difundir esta m\u00fasica por lo que tiene que trabajar mucho la Secretar\u00eda de Turismo, el IVEC, as\u00ed como las dependencias del gobierno federal, para que se haga una din\u00e1micas y puedan todos los grupos estar en los medios de manera cotidiana ya que est\u00e1 la m\u00fasica norte\u00f1a, y en las ferias contratan ese tipo de m\u00fasica por encima de la regional, puso como ejemplo que para las fiestas patrias contratan un mariachi en lugar de uno de son jarocho.<\/p>\n\n\n\n<p>Consider\u00f3 que debe haber apoyo constante a los centros comunitarios y que se mire esta parte de la cultura de manera sensible y que se tome consciencia de la importancia que tiene la m\u00fasica tradicional que es la cara y alma de los veracruzanos.&nbsp;<\/p>\n\n\n\n<p>Ricardo Perry destac\u00f3 que son pocos los encuentros de son jarocho que se mantienen en Veracruz, uno es el organizado por Los Cojolites desde hace 30 a\u00f1os, el pr\u00f3ximo 28 y 29 de diciembre en J\u00e1ltipan.&nbsp;<\/p>\n\n\n\n<p>Por \u00faltimo coment\u00f3 que, \u201cUno m\u00e1s en Chinameca el 8 de diciembre, ahora es un d\u00eda nada m\u00e1s porque no hay recursos, los otros encuentros se han extinguido, los m\u00e1s fuertes se hacen con muchas carencias\u201d.<\/p>\n\n\n\n<p><\/p>\n","protected":false},"excerpt":{"rendered":"<p>Dar\u00edo Pale Xalapa, Ver.- El director general de Los Cojolites, Ricardo Perry dio a conocer que urge apoyo para el Son Jarocho, ha deca\u00eddo &nbsp;promoci\u00f3n en los \u00faltimos dos a\u00f1os, esto tras la efervescencia que tuvo el son jarocho, durante los \u00faltimos dos a\u00f1os se enfrent\u00f3 a una decadencia ante la falta de recursos para [&hellip;]<\/p>\n","protected":false},"author":2476,"featured_media":47854,"comment_status":"open","ping_status":"open","sticky":false,"template":"","format":"standard","meta":{"_jetpack_memberships_contains_paid_content":false,"footnotes":""},"categories":[2],"tags":[],"class_list":["post-47852","post","type-post","status-publish","format-standard","has-post-thumbnail","hentry","category-estado"],"jetpack_featured_media_url":"https:\/\/encuentroinformativo.com.mx\/wp-content\/uploads\/2023\/11\/IMG-20231123-WA0024.jpg","jetpack_sharing_enabled":true,"jetpack_likes_enabled":true,"amp_enabled":true,"_links":{"self":[{"href":"https:\/\/encuentroinformativo.com.mx\/index.php?rest_route=\/wp\/v2\/posts\/47852","targetHints":{"allow":["GET"]}}],"collection":[{"href":"https:\/\/encuentroinformativo.com.mx\/index.php?rest_route=\/wp\/v2\/posts"}],"about":[{"href":"https:\/\/encuentroinformativo.com.mx\/index.php?rest_route=\/wp\/v2\/types\/post"}],"author":[{"embeddable":true,"href":"https:\/\/encuentroinformativo.com.mx\/index.php?rest_route=\/wp\/v2\/users\/2476"}],"replies":[{"embeddable":true,"href":"https:\/\/encuentroinformativo.com.mx\/index.php?rest_route=%2Fwp%2Fv2%2Fcomments&post=47852"}],"version-history":[{"count":2,"href":"https:\/\/encuentroinformativo.com.mx\/index.php?rest_route=\/wp\/v2\/posts\/47852\/revisions"}],"predecessor-version":[{"id":47855,"href":"https:\/\/encuentroinformativo.com.mx\/index.php?rest_route=\/wp\/v2\/posts\/47852\/revisions\/47855"}],"wp:featuredmedia":[{"embeddable":true,"href":"https:\/\/encuentroinformativo.com.mx\/index.php?rest_route=\/wp\/v2\/media\/47854"}],"wp:attachment":[{"href":"https:\/\/encuentroinformativo.com.mx\/index.php?rest_route=%2Fwp%2Fv2%2Fmedia&parent=47852"}],"wp:term":[{"taxonomy":"category","embeddable":true,"href":"https:\/\/encuentroinformativo.com.mx\/index.php?rest_route=%2Fwp%2Fv2%2Fcategories&post=47852"},{"taxonomy":"post_tag","embeddable":true,"href":"https:\/\/encuentroinformativo.com.mx\/index.php?rest_route=%2Fwp%2Fv2%2Ftags&post=47852"}],"curies":[{"name":"wp","href":"https:\/\/api.w.org\/{rel}","templated":true}]}}