{"id":47856,"date":"2023-11-23T14:38:05","date_gmt":"2023-11-23T20:38:05","guid":{"rendered":"https:\/\/encuentroinformativo.com.mx\/?p=47856"},"modified":"2023-11-23T14:38:08","modified_gmt":"2023-11-23T20:38:08","slug":"jubilados-amplian-horarios-de-protestas","status":"publish","type":"post","link":"https:\/\/encuentroinformativo.com.mx\/?p=47856","title":{"rendered":"Jubilados ampl\u00edan horarios de protestas"},"content":{"rendered":"\n<p><strong>Juan Arcos <\/strong><\/p>\n\n\n\n<p>Xalapa, Ver.- Los jubilados que protestan y bloquean cada jueves el centro de la ciudad de Xalapa decidieron ampliar el horario de su plant\u00f3n hasta las tres de la tarde de este 23 de noviembre.<\/p>\n\n\n\n<p>Se trata de integrantes de la Agrupaci\u00f3n Estatal de Jubilados y Pensionados del Issste en el Estado de Veracruz (Ajupiv) que exigen seguro de vida.<\/p>\n\n\n\n<p>Algunos de ellos tomaron el micr\u00f3fono sobre la calle Juan de la Luz Enr\u00edquez para denunciar que las autoridades no han solucionado el problema.<br>Recordaron que el gobierno estatal cancel\u00f3 los seguros institucionales desde el 1 de noviembre de 2021 para los jubilados federalizados de la Secretar\u00eda de Educaci\u00f3n de Veracruz (SEV).<\/p>\n\n\n\n<p>\u201cSe\u00f1or Secretario, los abajo firmantes en calidad de secretarios generales de las distintas delegaciones sindicales de jubilados y pensionados de todo el estado, respetuosamente, pero de manera en\u00e9rgica, le solicitamos se d\u00e9 cumplimiento a nuestro derecho al seguro institucional, concepto 026 SEG. VIDA SEP Y CULT.VERACRUZ, al que durante nuestra vida laboral cotizamos y hoy como jubilados y pensionados seguimos aportando la cuota correspondiente a dicho seguro&#8221;, se lee en un desplegado.<\/p>\n\n\n\n<p>Los quejosos mostraron un tal\u00f3n de pago de gran tama\u00f1o donde se observa que cada mes les descuentan 217 pesos con 85 centavos por concepto de seguro de vida.<\/p>\n\n\n\n<p>Los adultos mayores est\u00e1n molestos porque desconocen cu\u00e1l es el destino de dichos recursos econ\u00f3micos, incluso, temen que estos sean utilizados con fines pol\u00edticos y electorales.<\/p>\n","protected":false},"excerpt":{"rendered":"<p>Juan Arcos Xalapa, Ver.- Los jubilados que protestan y bloquean cada jueves el centro de la ciudad de Xalapa decidieron ampliar el horario de su plant\u00f3n hasta las tres de la tarde de este 23 de noviembre. Se trata de integrantes de la Agrupaci\u00f3n Estatal de Jubilados y Pensionados del Issste en el Estado de [&hellip;]<\/p>\n","protected":false},"author":2476,"featured_media":47857,"comment_status":"open","ping_status":"open","sticky":false,"template":"","format":"standard","meta":{"_jetpack_memberships_contains_paid_content":false,"footnotes":""},"categories":[3],"tags":[],"class_list":["post-47856","post","type-post","status-publish","format-standard","has-post-thumbnail","hentry","category-xalapa"],"jetpack_featured_media_url":"https:\/\/encuentroinformativo.com.mx\/wp-content\/uploads\/2023\/11\/IMG_1979.jpg","jetpack_sharing_enabled":true,"jetpack_likes_enabled":true,"amp_enabled":true,"_links":{"self":[{"href":"https:\/\/encuentroinformativo.com.mx\/index.php?rest_route=\/wp\/v2\/posts\/47856","targetHints":{"allow":["GET"]}}],"collection":[{"href":"https:\/\/encuentroinformativo.com.mx\/index.php?rest_route=\/wp\/v2\/posts"}],"about":[{"href":"https:\/\/encuentroinformativo.com.mx\/index.php?rest_route=\/wp\/v2\/types\/post"}],"author":[{"embeddable":true,"href":"https:\/\/encuentroinformativo.com.mx\/index.php?rest_route=\/wp\/v2\/users\/2476"}],"replies":[{"embeddable":true,"href":"https:\/\/encuentroinformativo.com.mx\/index.php?rest_route=%2Fwp%2Fv2%2Fcomments&post=47856"}],"version-history":[{"count":1,"href":"https:\/\/encuentroinformativo.com.mx\/index.php?rest_route=\/wp\/v2\/posts\/47856\/revisions"}],"predecessor-version":[{"id":47858,"href":"https:\/\/encuentroinformativo.com.mx\/index.php?rest_route=\/wp\/v2\/posts\/47856\/revisions\/47858"}],"wp:featuredmedia":[{"embeddable":true,"href":"https:\/\/encuentroinformativo.com.mx\/index.php?rest_route=\/wp\/v2\/media\/47857"}],"wp:attachment":[{"href":"https:\/\/encuentroinformativo.com.mx\/index.php?rest_route=%2Fwp%2Fv2%2Fmedia&parent=47856"}],"wp:term":[{"taxonomy":"category","embeddable":true,"href":"https:\/\/encuentroinformativo.com.mx\/index.php?rest_route=%2Fwp%2Fv2%2Fcategories&post=47856"},{"taxonomy":"post_tag","embeddable":true,"href":"https:\/\/encuentroinformativo.com.mx\/index.php?rest_route=%2Fwp%2Fv2%2Ftags&post=47856"}],"curies":[{"name":"wp","href":"https:\/\/api.w.org\/{rel}","templated":true}]}}