{"id":47866,"date":"2023-11-23T14:57:31","date_gmt":"2023-11-23T20:57:31","guid":{"rendered":"https:\/\/encuentroinformativo.com.mx\/?p=47866"},"modified":"2023-11-23T14:57:35","modified_gmt":"2023-11-23T20:57:35","slug":"colectivo-somosveracruz-promueve-campana-en-veracruz-decido-yo","status":"publish","type":"post","link":"https:\/\/encuentroinformativo.com.mx\/?p=47866","title":{"rendered":"Colectivo #SomosVeracruz promueve campa\u00f1a \u201cEn Veracruz Decido Yo\u201d"},"content":{"rendered":"\n<p><strong>Alejandro \u00c1vila<\/strong><\/p>\n\n\n\n<p>Veracruz, Ver.- El colectivo #SomosVeracruz dio a conocer el inicio de la campa\u00f1a pol\u00edtica \u201cEn Veracruz Decido Yo\u201d, una iniciativa emergente que busca colocar a la ciudadan\u00eda como protagonista principal en la determinaci\u00f3n del destino pol\u00edtico del estado.<\/p>\n\n\n\n<p>Seg\u00fan la informaci\u00f3n disponible en la p\u00e1gina web de #SomosVeracruz, la campa\u00f1a se fundamenta en la premisa de que la ciudadan\u00eda debe ser el actor central en la configuraci\u00f3n del destino pol\u00edtico de la entidad.<\/p>\n\n\n\n<p>M\u00e1s a\u00fan, la iniciativa se enfoca en fortalecer la participaci\u00f3n activa de la sociedad en la toma de decisiones, abogando por la inclusi\u00f3n de todos los sectores y un gobierno comprometido con el bienestar de la poblaci\u00f3n.<\/p>\n\n\n\n<p>\u201cEn Veracruz Decido Yo\u201d representa una oportunidad para consolidar la vida democr\u00e1tica y restaurar la confianza en las instituciones pol\u00edticas. A trav\u00e9s de un enfoque participativo y centrado en la comunidad, la campa\u00f1a busca que la voz de los ciudadanos recupere su fuerza, permiti\u00e9ndoles tomar decisiones informadas sobre el futuro de Veracruz.<\/p>\n\n\n\n<p>En \u00faltima instancia, destaca la participaci\u00f3n activa de la poblaci\u00f3n como el motor de transformaci\u00f3n y renovaci\u00f3n que el estado necesita.<\/p>\n\n\n\n<p>Objetivos Clave:<\/p>\n\n\n\n<p>\u2022 Empoderar a los Ciudadanos: Fomentar la participaci\u00f3n activa en la toma de decisiones pol\u00edticas y promover su involucramiento en la construcci\u00f3n de pol\u00edticas p\u00fablicas, transform\u00e1ndolos de simples espectadores a actores fundamentales.<\/p>\n\n\n\n<p>\u2022 Inclusi\u00f3n y Diversidad: Promover la inclusi\u00f3n de todos los sectores de la sociedad, independientemente de su origen \u00e9tnico, g\u00e9nero, orientaci\u00f3n sexual, religi\u00f3n o discapacidad, para construir un Veracruz m\u00e1s igualitario y justo.<\/p>\n\n\n\n<p>Valores que Nos Gu\u00edan:<\/p>\n\n\n\n<p>\u2022 Democracia: Promover y fortalecer los principios democr\u00e1ticos, dando prioridad a la participaci\u00f3n ciudadana en la toma de decisiones pol\u00edticas.<\/p>\n\n\n\n<p>\u2022 Igualdad: Luchar por la igualdad de oportunidades y la equidad de g\u00e9nero, as\u00ed como la inclusi\u00f3n de todas las voces en el proceso pol\u00edtico.<\/p>\n\n\n\n<p>\u2022 Desarrollo Humano: Priorizar el bienestar y la calidad de vida de la poblaci\u00f3n, promoviendo pol\u00edticas que mejoren la educaci\u00f3n, la salud, la seguridad y el acceso a servicios b\u00e1sicos.<\/p>\n\n\n\n<p>Para m\u00e1s detalles e informaci\u00f3n, les invitamos a seguirnos en nuestras redes sociales \u201cEn Veracruz Decido Yo\u201d : Facebook, Instagram, X, TikTok y YouTube. \u00a1S\u00famate, En Veracruz Decides T\u00fa!<\/p>\n","protected":false},"excerpt":{"rendered":"<p>Alejandro \u00c1vila Veracruz, Ver.- El colectivo #SomosVeracruz dio a conocer el inicio de la campa\u00f1a pol\u00edtica \u201cEn Veracruz Decido Yo\u201d, una iniciativa emergente que busca colocar a la ciudadan\u00eda como protagonista principal en la determinaci\u00f3n del destino pol\u00edtico del estado. Seg\u00fan la informaci\u00f3n disponible en la p\u00e1gina web de #SomosVeracruz, la campa\u00f1a se fundamenta en [&hellip;]<\/p>\n","protected":false},"author":2476,"featured_media":47867,"comment_status":"open","ping_status":"open","sticky":false,"template":"","format":"standard","meta":{"_jetpack_memberships_contains_paid_content":false,"footnotes":""},"categories":[2],"tags":[],"class_list":["post-47866","post","type-post","status-publish","format-standard","has-post-thumbnail","hentry","category-estado"],"jetpack_featured_media_url":"https:\/\/encuentroinformativo.com.mx\/wp-content\/uploads\/2023\/11\/IMG-20231119-WA0024.jpg","jetpack_sharing_enabled":true,"jetpack_likes_enabled":true,"amp_enabled":true,"_links":{"self":[{"href":"https:\/\/encuentroinformativo.com.mx\/index.php?rest_route=\/wp\/v2\/posts\/47866","targetHints":{"allow":["GET"]}}],"collection":[{"href":"https:\/\/encuentroinformativo.com.mx\/index.php?rest_route=\/wp\/v2\/posts"}],"about":[{"href":"https:\/\/encuentroinformativo.com.mx\/index.php?rest_route=\/wp\/v2\/types\/post"}],"author":[{"embeddable":true,"href":"https:\/\/encuentroinformativo.com.mx\/index.php?rest_route=\/wp\/v2\/users\/2476"}],"replies":[{"embeddable":true,"href":"https:\/\/encuentroinformativo.com.mx\/index.php?rest_route=%2Fwp%2Fv2%2Fcomments&post=47866"}],"version-history":[{"count":1,"href":"https:\/\/encuentroinformativo.com.mx\/index.php?rest_route=\/wp\/v2\/posts\/47866\/revisions"}],"predecessor-version":[{"id":47868,"href":"https:\/\/encuentroinformativo.com.mx\/index.php?rest_route=\/wp\/v2\/posts\/47866\/revisions\/47868"}],"wp:featuredmedia":[{"embeddable":true,"href":"https:\/\/encuentroinformativo.com.mx\/index.php?rest_route=\/wp\/v2\/media\/47867"}],"wp:attachment":[{"href":"https:\/\/encuentroinformativo.com.mx\/index.php?rest_route=%2Fwp%2Fv2%2Fmedia&parent=47866"}],"wp:term":[{"taxonomy":"category","embeddable":true,"href":"https:\/\/encuentroinformativo.com.mx\/index.php?rest_route=%2Fwp%2Fv2%2Fcategories&post=47866"},{"taxonomy":"post_tag","embeddable":true,"href":"https:\/\/encuentroinformativo.com.mx\/index.php?rest_route=%2Fwp%2Fv2%2Ftags&post=47866"}],"curies":[{"name":"wp","href":"https:\/\/api.w.org\/{rel}","templated":true}]}}