{"id":47873,"date":"2023-11-23T15:25:00","date_gmt":"2023-11-23T21:25:00","guid":{"rendered":"https:\/\/encuentroinformativo.com.mx\/?p=47873"},"modified":"2023-11-23T15:25:06","modified_gmt":"2023-11-23T21:25:06","slug":"ine-prolonga-vigencia-de-mas-de-234-mil-credenciales-en-veracruz","status":"publish","type":"post","link":"https:\/\/encuentroinformativo.com.mx\/?p=47873","title":{"rendered":"INE prolonga vigencia de m\u00e1s de 234 mil credenciales en Veracruz"},"content":{"rendered":"\n<p><strong>Juan Arcos<\/strong><\/p>\n\n\n\n<p>M\u00e1s de 234 mil credenciales para votar vencer\u00edan el 31 de diciembre de 2023 en el estado de Veracruz y su vigencia se ampli\u00f3 para que los electores emitan su voto en las siguientes elecciones.<\/p>\n\n\n\n<p>El Consejo General del Instituto Nacional Electoral (INE) determin\u00f3 la ampliaci\u00f3n de vigencia de un total de 234 mil 507 credenciales para votar con fotograf\u00eda en el estado de Veracruz.<\/p>\n\n\n\n<p>Las credenciales estar\u00edan vigentes hasta el domingo 02 de junio de 2024 para que los ciudadanos puedan participar y emitir sus votos durante las elecciones de los Procesos Electorales Federal y Locales 2023-2024.<\/p>\n\n\n\n<p>A nivel nacional, los Consejeros aprobaron por unanimidad la extensi\u00f3n de la vigencia de tres millones 861 mil 567 credenciales para votar.<\/p>\n\n\n\n<p>Con corte al 31 de octubre de 2023, tres millones 861 mil 567 credenciales para votar pierden su vigencia el \u00faltimo d\u00eda del presente a\u00f1o.<\/p>\n\n\n\n<p>El INE por busca que un mayor n\u00famero de electores participe en la pr\u00f3xima jornada electoral en la que se renovar\u00e1n m\u00e1s de 20 mil cargos en todo el pa\u00eds.<\/p>\n\n\n\n<p>Durante la sesi\u00f3n del Consejo General, se aprob\u00f3 que los registros de los ciudadanos cuyas credenciales para votar se encuentren en este supuesto, sean excluidos del Padr\u00f3n Electoral y de la Lista Nominal de Electores, el d\u00eda siguiente a la celebraci\u00f3n de las jornadas electorales respectivas.<\/p>\n\n\n\n<p>La presidente de la Comisi\u00f3n del Registro Federal de Electores, Consejera Carla Humphrey Jordan, se\u00f1al\u00f3 que la finalidad es que el INE salvaguarde el derecho a votar de las y los mexicanos que por cualquier motivo no puedan actualizar su credencial para votar y, con ello, puedan emitir su voto el pr\u00f3ximo 2 de junio.<\/p>\n\n\n\n<p>Se acord\u00f3 en la sesi\u00f3n de Consejo General que las Direcciones Ejecutivas de Capacitaci\u00f3n Electoral y Educaci\u00f3n C\u00edvica y del Registro Federal de Electores ampl\u00eden las campa\u00f1as de difusi\u00f3n para que la ciudadan\u00eda conozca los t\u00e9rminos y los plazos de vigencia e incentivarla a renovar su mica.<\/p>\n","protected":false},"excerpt":{"rendered":"<p>Juan Arcos M\u00e1s de 234 mil credenciales para votar vencer\u00edan el 31 de diciembre de 2023 en el estado de Veracruz y su vigencia se ampli\u00f3 para que los electores emitan su voto en las siguientes elecciones. El Consejo General del Instituto Nacional Electoral (INE) determin\u00f3 la ampliaci\u00f3n de vigencia de un total de 234 [&hellip;]<\/p>\n","protected":false},"author":2476,"featured_media":47874,"comment_status":"open","ping_status":"open","sticky":false,"template":"","format":"standard","meta":{"_jetpack_memberships_contains_paid_content":false,"footnotes":""},"categories":[2],"tags":[],"class_list":["post-47873","post","type-post","status-publish","format-standard","has-post-thumbnail","hentry","category-estado"],"jetpack_featured_media_url":"https:\/\/encuentroinformativo.com.mx\/wp-content\/uploads\/2023\/11\/IMG_9764.jpg","jetpack_sharing_enabled":true,"jetpack_likes_enabled":true,"amp_enabled":true,"_links":{"self":[{"href":"https:\/\/encuentroinformativo.com.mx\/index.php?rest_route=\/wp\/v2\/posts\/47873","targetHints":{"allow":["GET"]}}],"collection":[{"href":"https:\/\/encuentroinformativo.com.mx\/index.php?rest_route=\/wp\/v2\/posts"}],"about":[{"href":"https:\/\/encuentroinformativo.com.mx\/index.php?rest_route=\/wp\/v2\/types\/post"}],"author":[{"embeddable":true,"href":"https:\/\/encuentroinformativo.com.mx\/index.php?rest_route=\/wp\/v2\/users\/2476"}],"replies":[{"embeddable":true,"href":"https:\/\/encuentroinformativo.com.mx\/index.php?rest_route=%2Fwp%2Fv2%2Fcomments&post=47873"}],"version-history":[{"count":1,"href":"https:\/\/encuentroinformativo.com.mx\/index.php?rest_route=\/wp\/v2\/posts\/47873\/revisions"}],"predecessor-version":[{"id":47875,"href":"https:\/\/encuentroinformativo.com.mx\/index.php?rest_route=\/wp\/v2\/posts\/47873\/revisions\/47875"}],"wp:featuredmedia":[{"embeddable":true,"href":"https:\/\/encuentroinformativo.com.mx\/index.php?rest_route=\/wp\/v2\/media\/47874"}],"wp:attachment":[{"href":"https:\/\/encuentroinformativo.com.mx\/index.php?rest_route=%2Fwp%2Fv2%2Fmedia&parent=47873"}],"wp:term":[{"taxonomy":"category","embeddable":true,"href":"https:\/\/encuentroinformativo.com.mx\/index.php?rest_route=%2Fwp%2Fv2%2Fcategories&post=47873"},{"taxonomy":"post_tag","embeddable":true,"href":"https:\/\/encuentroinformativo.com.mx\/index.php?rest_route=%2Fwp%2Fv2%2Ftags&post=47873"}],"curies":[{"name":"wp","href":"https:\/\/api.w.org\/{rel}","templated":true}]}}