{"id":47876,"date":"2023-11-23T15:59:23","date_gmt":"2023-11-23T21:59:23","guid":{"rendered":"https:\/\/encuentroinformativo.com.mx\/?p=47876"},"modified":"2023-11-23T15:59:27","modified_gmt":"2023-11-23T21:59:27","slug":"entrega-boca-del-rio-a-semar-proyecto-para-rehabilitar-escolleras","status":"publish","type":"post","link":"https:\/\/encuentroinformativo.com.mx\/?p=47876","title":{"rendered":"Entrega Boca del R\u00edo a SEMAR proyecto para rehabilitar escolleras"},"content":{"rendered":"\n<p><strong>Alejandro \u00c1vila<\/strong><\/p>\n\n\n\n<p>Veracruz, Ver. &#8211; El presidente municipal de Boca del R\u00edo, Juan Manuel Unanue Abascal, mencion\u00f3 que entregaron a la Secretar\u00eda de Marina el proyecto para la rehabilitaci\u00f3n de las escolleras en el boulevard &#8220;Manuel \u00c1vila Camacho&#8221;, el monto estimado para realizarlo ser\u00e1 de 40 millones de pesos.<\/p>\n\n\n\n<p>&#8220;Ahorita lo enviamos acompa\u00f1ado de un oficio dirigido al secretario de Marina con copia al Subsecretario y a la Coordinadora General de Comunicaciones y Puertos en donde lo que nos pidieron, lo que nos solicitaron en su momento precisamente es la elaboraci\u00f3n de ese proyecto ya lo entregamos y ahora esperamos respuesta inmediata para que arreglen esta parte del boulevard, la parte del mar y con ello no se siga afectando&#8221;.<\/p>\n\n\n\n<p>Inform\u00f3 que en pr\u00f3ximas fechas se dar\u00e1 a conocer dicho proyecto, el cual dijo m\u00e1s all\u00e1 de ser un tema de est\u00e9tica, es un tema de seguridad.<\/p>\n\n\n\n<p>&#8220;Es cuesti\u00f3n de seguridad, no nada m\u00e1s de vista o de imagen (\u2026) estamos hablando de una cantidad importante de inversi\u00f3n pero ser\u00eda la inversi\u00f3n por parte de gobierno federal, m\u00e1s de 40 millones de pesos&#8221;.<\/p>\n\n\n\n<p>El proyecto para el que se invertir\u00e1 un estimado de m\u00e1s de 40 millones de pesos tendr\u00eda que estarse llevando a cabo el pr\u00f3ximo a\u00f1o.<\/p>\n\n\n\n<p>&#8220;Tendr\u00eda que darse el pr\u00f3ximo a\u00f1o, es un tema de seguridad para la ciudadan\u00eda, nosotros estamos haciendo lo propio con la rehabilitaci\u00f3n del boulevard Manuel \u00c1vila Camacho, pero esa parte ya corresponde a gobierno federal para nosotros poder arreglar ese peque\u00f1o tramo, pero ya todo lo demos lo estamos atendiendo nosotros&#8221;.<\/p>\n\n\n\n<p>El municipe record\u00f3 que la obra consiste en piedra pegada a la Bah\u00eda a la parte de la banqueta del mar y unas escolleras en gran tramo del bulevard Manuel \u00c1vila Camacho, pr\u00e1cticamente desde donde est\u00e1 el hotel Louis hasta donde est\u00e1 la curva de Kachimba.<\/p>\n\n\n\n<p>En otro tema, Unanue Abascal, destac\u00f3 los resultados del Buen Fin, ya que dijo se super\u00f3 por un 25 por ciento lo obtenido el a\u00f1o pasado.<\/p>\n\n\n\n<p>&#8220;Muy positivo el Buen Fin en todos los aspectos, datos que dan las diferentes c\u00e1maras empresariales y la Asociaci\u00f3n de Hoteles y Moteles fue superado el a\u00f1o pasado en cuanto ocupaci\u00f3n hotelera en cuanto a derrama econ\u00f3mica, el a\u00f1o pasado hablaban de mil 200 millones de pesos de derrame econ\u00f3mica en negocios y pues hablan de un incremento este a\u00f1o de un 25 por ciento (\u2026) es muy positivo el movimiento en la ciudad hubo seguridad, hubo turismo y eso es lo que a nosotros nos interesa, mantener las cosas en orden estables para que la gente salga, la gente de otros municipios del estado, de otros estados del pa\u00eds vengan a Boca del R\u00edo y la pase bien&#8221;.<\/p>\n\n\n\n<p>Para concluir, report\u00f3 que las afectaciones por el frente fr\u00edo fueron menores y se atendieron de inmediato, &#8220;tuvimos un sem\u00e1foro, algunos postes, cables, basura verde, pero todo fue atendido vamos a cambiar dos sem\u00e1foros solicitados para la avenida Ruiz Cortines, pero nada que lamentar&#8221;.<\/p>\n","protected":false},"excerpt":{"rendered":"<p>Alejandro \u00c1vila Veracruz, Ver. &#8211; El presidente municipal de Boca del R\u00edo, Juan Manuel Unanue Abascal, mencion\u00f3 que entregaron a la Secretar\u00eda de Marina el proyecto para la rehabilitaci\u00f3n de las escolleras en el boulevard &#8220;Manuel \u00c1vila Camacho&#8221;, el monto estimado para realizarlo ser\u00e1 de 40 millones de pesos. &#8220;Ahorita lo enviamos acompa\u00f1ado de un [&hellip;]<\/p>\n","protected":false},"author":2476,"featured_media":47877,"comment_status":"open","ping_status":"open","sticky":false,"template":"","format":"standard","meta":{"_jetpack_memberships_contains_paid_content":false,"footnotes":""},"categories":[2],"tags":[],"class_list":["post-47876","post","type-post","status-publish","format-standard","has-post-thumbnail","hentry","category-estado"],"jetpack_featured_media_url":"https:\/\/encuentroinformativo.com.mx\/wp-content\/uploads\/2023\/11\/IMG-20231123-WA0061.jpg","jetpack_sharing_enabled":true,"jetpack_likes_enabled":true,"amp_enabled":true,"_links":{"self":[{"href":"https:\/\/encuentroinformativo.com.mx\/index.php?rest_route=\/wp\/v2\/posts\/47876","targetHints":{"allow":["GET"]}}],"collection":[{"href":"https:\/\/encuentroinformativo.com.mx\/index.php?rest_route=\/wp\/v2\/posts"}],"about":[{"href":"https:\/\/encuentroinformativo.com.mx\/index.php?rest_route=\/wp\/v2\/types\/post"}],"author":[{"embeddable":true,"href":"https:\/\/encuentroinformativo.com.mx\/index.php?rest_route=\/wp\/v2\/users\/2476"}],"replies":[{"embeddable":true,"href":"https:\/\/encuentroinformativo.com.mx\/index.php?rest_route=%2Fwp%2Fv2%2Fcomments&post=47876"}],"version-history":[{"count":1,"href":"https:\/\/encuentroinformativo.com.mx\/index.php?rest_route=\/wp\/v2\/posts\/47876\/revisions"}],"predecessor-version":[{"id":47878,"href":"https:\/\/encuentroinformativo.com.mx\/index.php?rest_route=\/wp\/v2\/posts\/47876\/revisions\/47878"}],"wp:featuredmedia":[{"embeddable":true,"href":"https:\/\/encuentroinformativo.com.mx\/index.php?rest_route=\/wp\/v2\/media\/47877"}],"wp:attachment":[{"href":"https:\/\/encuentroinformativo.com.mx\/index.php?rest_route=%2Fwp%2Fv2%2Fmedia&parent=47876"}],"wp:term":[{"taxonomy":"category","embeddable":true,"href":"https:\/\/encuentroinformativo.com.mx\/index.php?rest_route=%2Fwp%2Fv2%2Fcategories&post=47876"},{"taxonomy":"post_tag","embeddable":true,"href":"https:\/\/encuentroinformativo.com.mx\/index.php?rest_route=%2Fwp%2Fv2%2Ftags&post=47876"}],"curies":[{"name":"wp","href":"https:\/\/api.w.org\/{rel}","templated":true}]}}