{"id":47879,"date":"2023-11-23T17:22:30","date_gmt":"2023-11-23T23:22:30","guid":{"rendered":"https:\/\/encuentroinformativo.com.mx\/?p=47879"},"modified":"2023-11-23T17:22:35","modified_gmt":"2023-11-23T23:22:35","slug":"reconocen-trabajo-de-corporaciones-de-ssp-en-prevencion-de-la-violencia-contra-mujeres","status":"publish","type":"post","link":"https:\/\/encuentroinformativo.com.mx\/?p=47879","title":{"rendered":"Reconocen trabajo de corporaciones de SSP en prevenci\u00f3n de la violencia contra mujeres"},"content":{"rendered":"\n<p>Xalapa, Ver.- En el Gobierno de la Cuarta Transformaci\u00f3n, encabezado por el Ingeniero Cuitl\u00e1huac Garc\u00eda Jim\u00e9nez, en el marco del #25N, D\u00eda Internacional de la Eliminaci\u00f3n de la Violencia contra las Mujeres y a 7 a\u00f1os de declarada la Alerta de Violencia de G\u00e9nero contra las Mujeres, por violencia feminicida.<\/p>\n\n\n\n<p>Se realiz\u00f3 la &#8220;Entrega de certificados y constancias en los est\u00e1ndares de competencia 0497 y 0539, y Seminario Desarrollo de Competencias dirigido a personal de la Secretar\u00eda de Seguridad P\u00fablica del Estado de Veracruz, en materia de violencia contra las mujeres por raz\u00f3n de g\u00e9nero&#8221;.<\/p>\n\n\n\n<p>Con el objetivo de reconocer el esfuerzo y compromiso del personal operativo y jur\u00eddico de la Polic\u00eda Estatal, Fuerza Civil y C4 en la prevenci\u00f3n y atenci\u00f3n a la violencia contra las mujeres y ni\u00f1as.<\/p>\n\n\n\n<p>Con esta acci\u00f3n damos cumplimiento a la Declaratoria de Alerta de Violencia de G\u00e9nero contra las Mujeres, por violencia feminicida y a la Estrategia de Cero Tolerancia a la Violencia contra las Mujeres y Ni\u00f1as en Veracruz.<\/p>\n","protected":false},"excerpt":{"rendered":"<p>Xalapa, Ver.- En el Gobierno de la Cuarta Transformaci\u00f3n, encabezado por el Ingeniero Cuitl\u00e1huac Garc\u00eda Jim\u00e9nez, en el marco del #25N, D\u00eda Internacional de la Eliminaci\u00f3n de la Violencia contra las Mujeres y a 7 a\u00f1os de declarada la Alerta de Violencia de G\u00e9nero contra las Mujeres, por violencia feminicida. Se realiz\u00f3 la &#8220;Entrega de [&hellip;]<\/p>\n","protected":false},"author":2476,"featured_media":47880,"comment_status":"open","ping_status":"open","sticky":false,"template":"","format":"standard","meta":{"_jetpack_memberships_contains_paid_content":false,"footnotes":""},"categories":[2],"tags":[],"class_list":["post-47879","post","type-post","status-publish","format-standard","has-post-thumbnail","hentry","category-estado"],"jetpack_featured_media_url":"https:\/\/encuentroinformativo.com.mx\/wp-content\/uploads\/2023\/11\/IMG-20231123-WA00742.jpg","jetpack_sharing_enabled":true,"jetpack_likes_enabled":true,"amp_enabled":true,"_links":{"self":[{"href":"https:\/\/encuentroinformativo.com.mx\/index.php?rest_route=\/wp\/v2\/posts\/47879","targetHints":{"allow":["GET"]}}],"collection":[{"href":"https:\/\/encuentroinformativo.com.mx\/index.php?rest_route=\/wp\/v2\/posts"}],"about":[{"href":"https:\/\/encuentroinformativo.com.mx\/index.php?rest_route=\/wp\/v2\/types\/post"}],"author":[{"embeddable":true,"href":"https:\/\/encuentroinformativo.com.mx\/index.php?rest_route=\/wp\/v2\/users\/2476"}],"replies":[{"embeddable":true,"href":"https:\/\/encuentroinformativo.com.mx\/index.php?rest_route=%2Fwp%2Fv2%2Fcomments&post=47879"}],"version-history":[{"count":1,"href":"https:\/\/encuentroinformativo.com.mx\/index.php?rest_route=\/wp\/v2\/posts\/47879\/revisions"}],"predecessor-version":[{"id":47881,"href":"https:\/\/encuentroinformativo.com.mx\/index.php?rest_route=\/wp\/v2\/posts\/47879\/revisions\/47881"}],"wp:featuredmedia":[{"embeddable":true,"href":"https:\/\/encuentroinformativo.com.mx\/index.php?rest_route=\/wp\/v2\/media\/47880"}],"wp:attachment":[{"href":"https:\/\/encuentroinformativo.com.mx\/index.php?rest_route=%2Fwp%2Fv2%2Fmedia&parent=47879"}],"wp:term":[{"taxonomy":"category","embeddable":true,"href":"https:\/\/encuentroinformativo.com.mx\/index.php?rest_route=%2Fwp%2Fv2%2Fcategories&post=47879"},{"taxonomy":"post_tag","embeddable":true,"href":"https:\/\/encuentroinformativo.com.mx\/index.php?rest_route=%2Fwp%2Fv2%2Ftags&post=47879"}],"curies":[{"name":"wp","href":"https:\/\/api.w.org\/{rel}","templated":true}]}}