{"id":47888,"date":"2023-11-24T10:39:26","date_gmt":"2023-11-24T16:39:26","guid":{"rendered":"https:\/\/encuentroinformativo.com.mx\/?p=47888"},"modified":"2023-11-24T13:23:02","modified_gmt":"2023-11-24T19:23:02","slug":"veracruz-con-41-feminicidios-y-683-mujeres-desaparecidas-entre-octubre-y-septiembre-diputada","status":"publish","type":"post","link":"https:\/\/encuentroinformativo.com.mx\/?p=47888","title":{"rendered":"Veracruz con 41 feminicidios y 683 mujeres desaparecidas al mes de octubre de 2023: Diputada"},"content":{"rendered":"\n<p><strong>Alejandro \u00c1vila<\/strong><\/p>\n\n\n\n<p>Veracruz, Ver.- Este 25 de noviembre, en el marco del D\u00eda Internacional de la Eliminaci\u00f3n de la Violencia contra las Mujeres, la diputada local, Ver\u00f3nica Pulido Herrera, lament\u00f3 que en el mes de octubre del 2023 se hayan registrado 41 feminicidios y, 683 desapariciones de mujeres en la entidad veracruzana.<\/p>\n\n\n\n<p>En ese sentido, la panista expres\u00f3 que no hay excusa para \u201cdarle la vuelta\u201d a este flagelo que amenaza a las mujeres con destruir sus sue\u00f1os de vivir en libertad y sin miedo.&nbsp;<\/p>\n\n\n\n<p>&#8220;En las comparecencias, los Secretarios de Despacho, cuando se les cuestiona sobre este problema, lo que dicen: En otros gobiernos hab\u00eda m\u00e1s feminicidios, siempre echando la culpa al pasado, en lugar de reconocer la realidad y enfrentarla con todos los recursos que tiene a su alcance el Estado&#8221;.<\/p>\n\n\n\n<p>&#8220;\u00bfQu\u00e9 decir de las mujeres que desaparecen todos los d\u00edas en nuestro estado?, nadie imagina el dolor, la incertidumbre y la agon\u00eda en que viven sus familias. Es la hora de buscar de manera conjunta, autoridades y sociedad civil, c\u00f3mo y d\u00f3nde implementar las estrategias, programas y acciones que la legislaci\u00f3n se\u00f1ala, para prevenir, atender, sancionar y erradicar la violencia contra las mujeres. Dejemos de echar culpas y cada orden de gobierno, cada poder p\u00fablico, hagamos nuestra tarea. No podemos seguir con una visi\u00f3n num\u00e9rica de la violencia contra las mujeres: que si ya bajaron, que si son menos hoy que ayer&#8221;, sentenci\u00f3.<\/p>\n\n\n\n<p>Ver\u00f3nica Pulido expuso nuevamente que, las mujeres necesitan protecci\u00f3n ante el acoso callejero, ante la violencia familiar, ante el acoso y hostigamiento en su \u00e1mbito laboral, ante los abusos sexuales, ante los tocamientos en los medios de transporte, ante la violencia digital; todas estas violencias persiguen a las mujeres y no hay capacidad del Estado de brindarles seguridad en el momento oportuno.<\/p>\n\n\n\n<p>&#8220;\u00bfAlguien imagina a una mujer de zona ind\u00edgena que vive violencia familiar y la instancia para denunciar est\u00e1 a varias horas de su comunidad y no tiene los recursos para trasladarse? \u00bfCu\u00e1ntos Institutos Municipales de las Mujeres tienen el suficiente personal y recursos para atender la violencia contra las mujeres y para darles acompa\u00f1amiento?&#8221;, resalt\u00f3.<\/p>\n\n\n\n<p>Es por ello que, la legisladora veracruzana, remarc\u00f3 que este 25 de noviembre es un momento propicio para revisar qu\u00e9 falta por hacer, en qu\u00e9 se ha fallado para garantizar a las mujeres y ni\u00f1as su libertad, su integridad, su capacidad de levantar la voz sin ser juzgadas y las condiciones accesibles para que puedan denunciar.<\/p>\n\n\n\n<p>Agreg\u00f3 que, tambi\u00e9n se requiere de programas de reeducaci\u00f3n para las personas agresoras, para que desarrollen nuevas habilidades y formas de comportamiento para relacionarse ente s\u00ed y desde un plano de igualdad en la relaci\u00f3n de pareja.<\/p>\n\n\n\n<p>En ese sentido, dijo que urge una respuesta puntual, para poner fin a la violencia contra las mujeres en Veracruz.<\/p>\n\n\n\n<p>&#8220;Ya tendremos el Proyecto de Presupuesto de Egresos 2024 en este Congreso y ah\u00ed, no hay excusas para etiquetar recursos a las instancias que tienen entre sus atribuciones prevenir, atender, sancionar, erradicar la violencia contra las mujeres. Es ah\u00ed, en el Presupuesto, donde se refleja la voluntad pol\u00edtica de este poder legislativo para enfrentar con recursos a este mal que aqueja a nuestro querido Veracruz. No basta con buenas intenciones&#8221;, culmin\u00f3.<\/p>\n","protected":false},"excerpt":{"rendered":"<p>Alejandro \u00c1vila Veracruz, Ver.- Este 25 de noviembre, en el marco del D\u00eda Internacional de la Eliminaci\u00f3n de la Violencia contra las Mujeres, la diputada local, Ver\u00f3nica Pulido Herrera, lament\u00f3 que en el mes de octubre del 2023 se hayan registrado 41 feminicidios y, 683 desapariciones de mujeres en la entidad veracruzana. En ese sentido, [&hellip;]<\/p>\n","protected":false},"author":2476,"featured_media":47889,"comment_status":"open","ping_status":"open","sticky":false,"template":"","format":"standard","meta":{"_jetpack_memberships_contains_paid_content":false,"footnotes":""},"categories":[2],"tags":[],"class_list":["post-47888","post","type-post","status-publish","format-standard","has-post-thumbnail","hentry","category-estado"],"jetpack_featured_media_url":"https:\/\/encuentroinformativo.com.mx\/wp-content\/uploads\/2023\/11\/IMG-20231124-WA0010.jpg","jetpack_sharing_enabled":true,"jetpack_likes_enabled":true,"amp_enabled":true,"_links":{"self":[{"href":"https:\/\/encuentroinformativo.com.mx\/index.php?rest_route=\/wp\/v2\/posts\/47888","targetHints":{"allow":["GET"]}}],"collection":[{"href":"https:\/\/encuentroinformativo.com.mx\/index.php?rest_route=\/wp\/v2\/posts"}],"about":[{"href":"https:\/\/encuentroinformativo.com.mx\/index.php?rest_route=\/wp\/v2\/types\/post"}],"author":[{"embeddable":true,"href":"https:\/\/encuentroinformativo.com.mx\/index.php?rest_route=\/wp\/v2\/users\/2476"}],"replies":[{"embeddable":true,"href":"https:\/\/encuentroinformativo.com.mx\/index.php?rest_route=%2Fwp%2Fv2%2Fcomments&post=47888"}],"version-history":[{"count":2,"href":"https:\/\/encuentroinformativo.com.mx\/index.php?rest_route=\/wp\/v2\/posts\/47888\/revisions"}],"predecessor-version":[{"id":47905,"href":"https:\/\/encuentroinformativo.com.mx\/index.php?rest_route=\/wp\/v2\/posts\/47888\/revisions\/47905"}],"wp:featuredmedia":[{"embeddable":true,"href":"https:\/\/encuentroinformativo.com.mx\/index.php?rest_route=\/wp\/v2\/media\/47889"}],"wp:attachment":[{"href":"https:\/\/encuentroinformativo.com.mx\/index.php?rest_route=%2Fwp%2Fv2%2Fmedia&parent=47888"}],"wp:term":[{"taxonomy":"category","embeddable":true,"href":"https:\/\/encuentroinformativo.com.mx\/index.php?rest_route=%2Fwp%2Fv2%2Fcategories&post=47888"},{"taxonomy":"post_tag","embeddable":true,"href":"https:\/\/encuentroinformativo.com.mx\/index.php?rest_route=%2Fwp%2Fv2%2Ftags&post=47888"}],"curies":[{"name":"wp","href":"https:\/\/api.w.org\/{rel}","templated":true}]}}