{"id":47894,"date":"2023-11-24T11:54:00","date_gmt":"2023-11-24T17:54:00","guid":{"rendered":"https:\/\/encuentroinformativo.com.mx\/?p=47894"},"modified":"2023-11-24T11:54:04","modified_gmt":"2023-11-24T17:54:04","slug":"roban-en-veracruz-puerto-bicicleta-a-peregrinos-yucatecos","status":"publish","type":"post","link":"https:\/\/encuentroinformativo.com.mx\/?p=47894","title":{"rendered":"Roban en Veracruz puerto bicicleta a peregrinos yucatecos"},"content":{"rendered":"\n<p><strong>Alejandro \u00c1vila<\/strong><\/p>\n\n\n\n<p>Veracruz, Ver.- Cuatro peregrinos yucatecos despertaron en Veracruz puerto con la amarga noticia de que les hab\u00edan robado una de sus bicicletas con las que iniciaron su traves\u00eda desde el municipio de Tahdzi\u00fa.<\/p>\n\n\n\n<p>La ruta, relat\u00f3 Nazario Rivera May comenz\u00f3 el pasado 30 de octubre y, como cada a\u00f1o se hizo acompa\u00f1ar de Jos\u00e9 Wilfrido Uc Ken, Yanel Eleazar Garc\u00eda y Marcos Mayo; el objetivo, llegar a la Bas\u00edlica de Guadalupe en la Ciudad de M\u00e9xico y regresar a su hogar, haciendo todo el recorrido en bicicleta.<\/p>\n\n\n\n<p>&#8220;Nosotros tenemos una manda, llegar a la Bas\u00edlica, pasar a Tepeaca, Puebla; a Villahermosa; y el \u00faltimo que nos queda es Veracruz. A\u00f1o con a\u00f1o, (ped\u00edmos) por nuestro trabajo y por nuestra salud, que no tenga a nuestra familia ninguna enfermedad y que todos tengan trabajo, que les vaya bien en su trabajo a la familia&#8221;, se\u00f1al\u00f3 Nazario Rivera.<\/p>\n\n\n\n<p>Tras este percance los medios de comunicaci\u00f3n documentaron lo sucedido y, fue a trav\u00e9s de una televisora local que el se\u00f1or, Mario Larios, se dio cuenta de lo sucedido, por lo que decidi\u00f3 tomar la bicicleta de su hijo y acudir a la Catedral de Veracruz para hacer el donativo de una bicicleta para que pudieran continuar su peregrinaci\u00f3n.<\/p>\n\n\n\n<p>Seg\u00fan su itinerario, se plantean llegar a su lugar de origen el d\u00eda 12 de diciembre, justo al festejo de la Guadalupana, para llevar Buenas Nuevas a sus familias y amigos.<\/p>\n\n\n\n<figure class=\"wp-block-image size-large\"><img loading=\"lazy\" decoding=\"async\" width=\"769\" height=\"1024\" src=\"https:\/\/encuentroinformativo.com.mx\/wp-content\/uploads\/2023\/11\/IMG-20231124-WA0028-769x1024.jpg\" alt=\"\" class=\"wp-image-47896\" srcset=\"https:\/\/encuentroinformativo.com.mx\/wp-content\/uploads\/2023\/11\/IMG-20231124-WA0028-769x1024.jpg 769w, https:\/\/encuentroinformativo.com.mx\/wp-content\/uploads\/2023\/11\/IMG-20231124-WA0028-225x300.jpg 225w, https:\/\/encuentroinformativo.com.mx\/wp-content\/uploads\/2023\/11\/IMG-20231124-WA0028-768x1023.jpg 768w, https:\/\/encuentroinformativo.com.mx\/wp-content\/uploads\/2023\/11\/IMG-20231124-WA0028.jpg 868w\" sizes=\"auto, (max-width: 769px) 100vw, 769px\" \/><\/figure>\n","protected":false},"excerpt":{"rendered":"<p>Alejandro \u00c1vila Veracruz, Ver.- Cuatro peregrinos yucatecos despertaron en Veracruz puerto con la amarga noticia de que les hab\u00edan robado una de sus bicicletas con las que iniciaron su traves\u00eda desde el municipio de Tahdzi\u00fa. La ruta, relat\u00f3 Nazario Rivera May comenz\u00f3 el pasado 30 de octubre y, como cada a\u00f1o se hizo acompa\u00f1ar de [&hellip;]<\/p>\n","protected":false},"author":2476,"featured_media":47895,"comment_status":"open","ping_status":"open","sticky":false,"template":"","format":"standard","meta":{"_jetpack_memberships_contains_paid_content":false,"footnotes":""},"categories":[2],"tags":[],"class_list":["post-47894","post","type-post","status-publish","format-standard","has-post-thumbnail","hentry","category-estado"],"jetpack_featured_media_url":"https:\/\/encuentroinformativo.com.mx\/wp-content\/uploads\/2023\/11\/IMG-20231124-WA0026.jpg","jetpack_sharing_enabled":true,"jetpack_likes_enabled":true,"amp_enabled":true,"_links":{"self":[{"href":"https:\/\/encuentroinformativo.com.mx\/index.php?rest_route=\/wp\/v2\/posts\/47894","targetHints":{"allow":["GET"]}}],"collection":[{"href":"https:\/\/encuentroinformativo.com.mx\/index.php?rest_route=\/wp\/v2\/posts"}],"about":[{"href":"https:\/\/encuentroinformativo.com.mx\/index.php?rest_route=\/wp\/v2\/types\/post"}],"author":[{"embeddable":true,"href":"https:\/\/encuentroinformativo.com.mx\/index.php?rest_route=\/wp\/v2\/users\/2476"}],"replies":[{"embeddable":true,"href":"https:\/\/encuentroinformativo.com.mx\/index.php?rest_route=%2Fwp%2Fv2%2Fcomments&post=47894"}],"version-history":[{"count":1,"href":"https:\/\/encuentroinformativo.com.mx\/index.php?rest_route=\/wp\/v2\/posts\/47894\/revisions"}],"predecessor-version":[{"id":47897,"href":"https:\/\/encuentroinformativo.com.mx\/index.php?rest_route=\/wp\/v2\/posts\/47894\/revisions\/47897"}],"wp:featuredmedia":[{"embeddable":true,"href":"https:\/\/encuentroinformativo.com.mx\/index.php?rest_route=\/wp\/v2\/media\/47895"}],"wp:attachment":[{"href":"https:\/\/encuentroinformativo.com.mx\/index.php?rest_route=%2Fwp%2Fv2%2Fmedia&parent=47894"}],"wp:term":[{"taxonomy":"category","embeddable":true,"href":"https:\/\/encuentroinformativo.com.mx\/index.php?rest_route=%2Fwp%2Fv2%2Fcategories&post=47894"},{"taxonomy":"post_tag","embeddable":true,"href":"https:\/\/encuentroinformativo.com.mx\/index.php?rest_route=%2Fwp%2Fv2%2Ftags&post=47894"}],"curies":[{"name":"wp","href":"https:\/\/api.w.org\/{rel}","templated":true}]}}