{"id":47902,"date":"2023-11-24T13:18:15","date_gmt":"2023-11-24T19:18:15","guid":{"rendered":"https:\/\/encuentroinformativo.com.mx\/?p=47902"},"modified":"2023-11-24T13:18:18","modified_gmt":"2023-11-24T19:18:18","slug":"asignacion-de-espacios-laborales-conforme-a-la-ley-marisol-delgadillo","status":"publish","type":"post","link":"https:\/\/encuentroinformativo.com.mx\/?p=47902","title":{"rendered":"Asignaci\u00f3n de espacios laborales conforme a la ley: Marisol Delgadillo"},"content":{"rendered":"\n<p><strong>Dar\u00edo Pale <\/strong><\/p>\n\n\n\n<p>Xalapa, Ver.- La consejera presidenta del Organismo P\u00fablico Local Electoral (OPLE), Marisol Delgadillo Morales, dio a conocer que la asignaci\u00f3n de espacios laborales para Consejos Distritales se otorgar\u00e1n con base al proceso de ley; la convocatoria est\u00e1 abierta.<\/p>\n\n\n\n<p>En entrevista se\u00f1al\u00f3 que los espacios laborales a personas con discapacidad en la conformaci\u00f3n de los Consejos Distritales se otorgar\u00e1n conforme al proceso de ley, incluso se debe acreditar un examen.<\/p>\n\n\n\n<p>Se\u00f1al\u00f3 que se prioriza la inclusi\u00f3n de todos los sectores, sin embargo, las convocatorias son claras y los resultados para la contrataci\u00f3n de personal son transparentes.\u00a0<\/p>\n\n\n\n<p>Y es que este mi\u00e9rcoles se reunieron con el director Ejecutivo de la &#8220;Asociaci\u00f3n Veracruzana de Discapacitados Productivos A.C.&#8221;, Jos\u00e9 Arturo Acosta Hern\u00e1ndez, quien en fechas pasadas remiti\u00f3 una solicitud para la asignaci\u00f3n de un n\u00famero espec\u00edfico de espacios laborales.\u00a0<\/p>\n\n\n\n<p>Al respecto, Delgadillo Morales, reiter\u00f3 que tanto este sector como otros grupos tiene el derecho de concursar para la obtenci\u00f3n del trabajo.\u00a0<\/p>\n\n\n\n<p>\u201cNo pueden ser n\u00fameros espec\u00edficos (de asignaci\u00f3n), porque evidentemente esto implicaba un an\u00e1lisis a mayor detalle; ellos hacen referencia a un porcentaje de poblaci\u00f3n con discapacidad y en ese caso la integraci\u00f3n de Consejos Distritales corresponde a un proceso de convocatoria abierta a toda la ciudadan\u00eda&#8221;, se\u00f1al\u00f3 y record\u00f3 que la convocatoria cierra el pr\u00f3ximo 27 de noviembre.\u00a0<\/p>\n\n\n\n<p>\u201cUno de los puntos de acuerdos aprobados por este Consejo fue que, despu\u00e9s de la etapa de entrevista, habiendo agotado la etapa del examen, tienen garantizado al menos una posici\u00f3n si llegaran personas que representaran alg\u00fan grupo en situaci\u00f3n de vulnerabilidad, no solo a personas con discapacidad, si no tambi\u00e9n personas de la comunidades ind\u00edgenas, afromexicanas, de la comunidad de la diversidad sexual, tambi\u00e9n podr\u00edan tener estas consideraciones\u201d, coment\u00f3.<\/p>\n\n\n\n<p>Finalmente reiter\u00f3, con acciones reales el OPLE est\u00e1 visibilizando a los grupos vulnerables, \u201cpara que puedan participar del proceso, integrando Consejos \u00a0Distritales\u201d.<\/p>\n","protected":false},"excerpt":{"rendered":"<p>Dar\u00edo Pale Xalapa, Ver.- La consejera presidenta del Organismo P\u00fablico Local Electoral (OPLE), Marisol Delgadillo Morales, dio a conocer que la asignaci\u00f3n de espacios laborales para Consejos Distritales se otorgar\u00e1n con base al proceso de ley; la convocatoria est\u00e1 abierta. En entrevista se\u00f1al\u00f3 que los espacios laborales a personas con discapacidad en la conformaci\u00f3n de [&hellip;]<\/p>\n","protected":false},"author":2476,"featured_media":47903,"comment_status":"open","ping_status":"open","sticky":false,"template":"","format":"standard","meta":{"_jetpack_memberships_contains_paid_content":false,"footnotes":""},"categories":[2],"tags":[],"class_list":["post-47902","post","type-post","status-publish","format-standard","has-post-thumbnail","hentry","category-estado"],"jetpack_featured_media_url":"https:\/\/encuentroinformativo.com.mx\/wp-content\/uploads\/2023\/11\/IMG-20231124-WA00162.jpg","jetpack_sharing_enabled":true,"jetpack_likes_enabled":true,"amp_enabled":true,"_links":{"self":[{"href":"https:\/\/encuentroinformativo.com.mx\/index.php?rest_route=\/wp\/v2\/posts\/47902","targetHints":{"allow":["GET"]}}],"collection":[{"href":"https:\/\/encuentroinformativo.com.mx\/index.php?rest_route=\/wp\/v2\/posts"}],"about":[{"href":"https:\/\/encuentroinformativo.com.mx\/index.php?rest_route=\/wp\/v2\/types\/post"}],"author":[{"embeddable":true,"href":"https:\/\/encuentroinformativo.com.mx\/index.php?rest_route=\/wp\/v2\/users\/2476"}],"replies":[{"embeddable":true,"href":"https:\/\/encuentroinformativo.com.mx\/index.php?rest_route=%2Fwp%2Fv2%2Fcomments&post=47902"}],"version-history":[{"count":1,"href":"https:\/\/encuentroinformativo.com.mx\/index.php?rest_route=\/wp\/v2\/posts\/47902\/revisions"}],"predecessor-version":[{"id":47904,"href":"https:\/\/encuentroinformativo.com.mx\/index.php?rest_route=\/wp\/v2\/posts\/47902\/revisions\/47904"}],"wp:featuredmedia":[{"embeddable":true,"href":"https:\/\/encuentroinformativo.com.mx\/index.php?rest_route=\/wp\/v2\/media\/47903"}],"wp:attachment":[{"href":"https:\/\/encuentroinformativo.com.mx\/index.php?rest_route=%2Fwp%2Fv2%2Fmedia&parent=47902"}],"wp:term":[{"taxonomy":"category","embeddable":true,"href":"https:\/\/encuentroinformativo.com.mx\/index.php?rest_route=%2Fwp%2Fv2%2Fcategories&post=47902"},{"taxonomy":"post_tag","embeddable":true,"href":"https:\/\/encuentroinformativo.com.mx\/index.php?rest_route=%2Fwp%2Fv2%2Ftags&post=47902"}],"curies":[{"name":"wp","href":"https:\/\/api.w.org\/{rel}","templated":true}]}}