{"id":47916,"date":"2023-11-24T15:29:17","date_gmt":"2023-11-24T21:29:17","guid":{"rendered":"https:\/\/encuentroinformativo.com.mx\/?p=47916"},"modified":"2023-11-24T15:29:22","modified_gmt":"2023-11-24T21:29:22","slug":"ha-crecido-localizacion-de-personas-segun-gobernador","status":"publish","type":"post","link":"https:\/\/encuentroinformativo.com.mx\/?p=47916","title":{"rendered":"Ha crecido localizaci\u00f3n de personas, seg\u00fan Gobernador"},"content":{"rendered":"\n<p><strong>Dar\u00edo Pale <\/strong><\/p>\n\n\n\n<p>Xalapa, Ver.- Critica a sus adversarios por \u00a0querer sacar &#8220;raja pol\u00edtica&#8221; con los n\u00fameros de personas desaparecidas en su administraci\u00f3n, las desapariciones ya no se cometen por el Estado, as\u00ed lo dio a conocer el gobernador Cuitl\u00e1huac Garc\u00eda Jim\u00e9nez.<\/p>\n\n\n\n<p>En conferencia de prensa, justific\u00f3 que aunque hoy siguen ocurriendo desapariciones de personas \u00e9stas ya no se cometen por las fuerzas del orden como anteriormente.<\/p>\n\n\n\n<p>&#8220;Hablo de los pol\u00edticos adversarios de los gobiernos anteriores, no quieren reconocer que a trav\u00e9s de haber implementado esta Comisi\u00f3n de B\u00fasqueda tenemos el 70 por ciento de localizaciones&#8221;, se\u00f1al\u00f3.<\/p>\n\n\n\n<p>Y es que tambi\u00e9n la Oficina del Alto Comisionado de la ONU por la prevalencia de las desapariciones, respondi\u00f3 de manera tajante que las desapariciones ya no ocurren por miembros del Estado.<\/p>\n\n\n\n<p>Ademas, refiri\u00f3 que ya se hacen b\u00fasquedas cuando antes esto no se hac\u00eda, ah\u00ed aprovech\u00f3 para presumir que se constituy\u00f3 la Comisi\u00f3n Estatal de B\u00fasqueda en su administraci\u00f3n.<\/p>\n\n\n\n<p>Adem\u00e1s de que aunque se cre\u00f3 el organismo, este no contaba con recursos ni personal.<\/p>\n\n\n\n<p>&#8220;As\u00ed eran los gobiernos anteriores y ahora andan con el rollito tirando medi\u00e1ticamente, sacando raja pol\u00edtica de estas situaciones dram\u00e1ticas de dolor&#8221;, coment\u00f3.<\/p>\n\n\n\n<p>&#8220;Nosotros decidimos implementar la Comisi\u00f3n Estatal de B\u00fasqueda, le dimos presupuesto, estuvimos atendiendo todas las b\u00fasquedas&#8221;, agreg\u00f3.<\/p>\n\n\n\n<p>El Ejecutivo indic\u00f3 que han crecido los porcentajes de localizaci\u00f3n de personas, incluso algunos a\u00f1os en su gobierno, ha sido de m\u00e1s del 70 por ciento.<\/p>\n\n\n\n<p>&#8220;Quieren algunos usar el n\u00famero de desaparecidos para atacarnos. Hablo de los pol\u00edticos que nos gobernaron antes, no se les cae la verg\u00fcenza porque hablan de eso y ellos no atendieron nada&#8221;, acus\u00f3.<\/p>\n\n\n\n<p>Garc\u00eda Jim\u00e9nez reconoci\u00f3 que falta mucho por hacer porque la labor es hasta encontrarlos.<\/p>\n\n\n\n<p>Finalmente se\u00f1al\u00f3, &#8220;ya no son del Estado (cometidas por servidores p\u00fablicos), se investigan, se busca a los responsables. No hay complicidad ni encubrimiento, lo que la Fiscal\u00eda determine, se atiende, antes no era as\u00ed&#8221;.<\/p>\n","protected":false},"excerpt":{"rendered":"<p>Dar\u00edo Pale Xalapa, Ver.- Critica a sus adversarios por \u00a0querer sacar &#8220;raja pol\u00edtica&#8221; con los n\u00fameros de personas desaparecidas en su administraci\u00f3n, las desapariciones ya no se cometen por el Estado, as\u00ed lo dio a conocer el gobernador Cuitl\u00e1huac Garc\u00eda Jim\u00e9nez. En conferencia de prensa, justific\u00f3 que aunque hoy siguen ocurriendo desapariciones de personas \u00e9stas [&hellip;]<\/p>\n","protected":false},"author":2476,"featured_media":47917,"comment_status":"open","ping_status":"open","sticky":false,"template":"","format":"standard","meta":{"_jetpack_memberships_contains_paid_content":false,"footnotes":""},"categories":[2],"tags":[],"class_list":["post-47916","post","type-post","status-publish","format-standard","has-post-thumbnail","hentry","category-estado"],"jetpack_featured_media_url":"https:\/\/encuentroinformativo.com.mx\/wp-content\/uploads\/2023\/11\/IMG-20231124-WA0085.jpg","jetpack_sharing_enabled":true,"jetpack_likes_enabled":true,"amp_enabled":true,"_links":{"self":[{"href":"https:\/\/encuentroinformativo.com.mx\/index.php?rest_route=\/wp\/v2\/posts\/47916","targetHints":{"allow":["GET"]}}],"collection":[{"href":"https:\/\/encuentroinformativo.com.mx\/index.php?rest_route=\/wp\/v2\/posts"}],"about":[{"href":"https:\/\/encuentroinformativo.com.mx\/index.php?rest_route=\/wp\/v2\/types\/post"}],"author":[{"embeddable":true,"href":"https:\/\/encuentroinformativo.com.mx\/index.php?rest_route=\/wp\/v2\/users\/2476"}],"replies":[{"embeddable":true,"href":"https:\/\/encuentroinformativo.com.mx\/index.php?rest_route=%2Fwp%2Fv2%2Fcomments&post=47916"}],"version-history":[{"count":1,"href":"https:\/\/encuentroinformativo.com.mx\/index.php?rest_route=\/wp\/v2\/posts\/47916\/revisions"}],"predecessor-version":[{"id":47918,"href":"https:\/\/encuentroinformativo.com.mx\/index.php?rest_route=\/wp\/v2\/posts\/47916\/revisions\/47918"}],"wp:featuredmedia":[{"embeddable":true,"href":"https:\/\/encuentroinformativo.com.mx\/index.php?rest_route=\/wp\/v2\/media\/47917"}],"wp:attachment":[{"href":"https:\/\/encuentroinformativo.com.mx\/index.php?rest_route=%2Fwp%2Fv2%2Fmedia&parent=47916"}],"wp:term":[{"taxonomy":"category","embeddable":true,"href":"https:\/\/encuentroinformativo.com.mx\/index.php?rest_route=%2Fwp%2Fv2%2Fcategories&post=47916"},{"taxonomy":"post_tag","embeddable":true,"href":"https:\/\/encuentroinformativo.com.mx\/index.php?rest_route=%2Fwp%2Fv2%2Ftags&post=47916"}],"curies":[{"name":"wp","href":"https:\/\/api.w.org\/{rel}","templated":true}]}}