{"id":47922,"date":"2023-11-24T19:50:07","date_gmt":"2023-11-25T01:50:07","guid":{"rendered":"https:\/\/encuentroinformativo.com.mx\/?p=47922"},"modified":"2023-11-24T19:50:10","modified_gmt":"2023-11-25T01:50:10","slug":"alito-ensucio-un-proceso-historico-anilu-ingram","status":"publish","type":"post","link":"https:\/\/encuentroinformativo.com.mx\/?p=47922","title":{"rendered":"&#8220;Alito ensuci\u00f3 un proceso hist\u00f3rico&#8221;: Anil\u00fa Ingram"},"content":{"rendered":"\n<p><strong>Alejandro \u00c1vila<\/strong><\/p>\n\n\n\n<p>Veracruz, Ver.- Desde la Ciudad de M\u00e9xico, la diputada local y aspirante a la gubernatura de Veracruz para encabezar el Frente Amplio Por M\u00e9xico, Anil\u00fa Ingram Vallines, mostr\u00f3 su desacuerdo con la decisi\u00f3n del presidente nacional del PRI, Alejandro &#8220;Alito&#8221; Moreno C\u00e1rdenas, por lo cual se retir\u00f3 de la contienda.<\/p>\n\n\n\n<p>La legisladora veracruzana acus\u00f3 al ex gobernador de Campeche de ensuciar un proceso hist\u00f3rico, por lo cual, a \u00faltima hora, decidi\u00f3 no entrar a la reuni\u00f3n en la sede del Comit\u00e9 Ejecutivo Nacional, donde se ungir\u00eda al candidato del Frente Amplio Por M\u00e9xico para la gubernatura Veracruz, donde finalmente se decantaron por, Jos\u00e9 Francisco Yunes Zorrilla.<\/p>\n\n\n\n<p>&#8220;El d\u00eda de hoy acud\u00ed a la ciudad de M\u00e9xico para dar continuidad en el proceso de selecci\u00f3n de candidata o candidato a gobernador del FAM en Veracruz. Estando yo aqu\u00ed despu\u00e9s de meditarlo todos los d\u00edas y consultarlo con amigas y amigas correligionarios y con personas que representan organizaciones de la sociedad civil tom\u00e9 la determinaci\u00f3n de no participar en esta mesa donde se repartir\u00e1n la candidatura a gobernador y las posiciones plurinominales de mi partido, estoy segura que no debo entrar porque es un procedimiento cerrado, en lo oscurito, que no toma en cuenta a las voces de los partidos coaligados y lo que es peor, no contempla a la sociedad civil organizada. Decid\u00ed no estar para no formar parte de una farsa de decisi\u00f3n tomada y avalarla s\u00f3lo por mi propia conveniencia son momentos de congruencia con la sociedad y entender los nuevos tiempos de M\u00e9xico y de Veracruz, me preocupa en serio lo que est\u00e1n haciendo pero segura estoy que miles de ciudadanos piensan como yo. Hasta aqu\u00ed mi participaci\u00f3n en la nominaci\u00f3n de la candidatura del PRI y del FAM por Veracruz, lamento mucho que Alejandro Moreno haya ensuciado un proceso hist\u00f3rico para Veracruz y le deseo el mayor de los \u00e9xitos a quien resulte elegido&#8221;, sentenci\u00f3.<\/p>\n\n\n\n<p>Durante las \u00faltimas semanas, Anil\u00fa Ingram, acus\u00f3 diversas irregularidades durante el proceso interno para la selecci\u00f3n del candidato del FAM; como el no tomar en cuenta al resto de los partidos que integran la alianza, pero sobre todo dejar en el olvido la opini\u00f3n de la sociedad civil, quienes, a su parecer, son la parte medular para lograr revertir el actual poder que ostenta Morena en la federaci\u00f3n y la entidad veracruzana.<\/p>\n","protected":false},"excerpt":{"rendered":"<p>Alejandro \u00c1vila Veracruz, Ver.- Desde la Ciudad de M\u00e9xico, la diputada local y aspirante a la gubernatura de Veracruz para encabezar el Frente Amplio Por M\u00e9xico, Anil\u00fa Ingram Vallines, mostr\u00f3 su desacuerdo con la decisi\u00f3n del presidente nacional del PRI, Alejandro &#8220;Alito&#8221; Moreno C\u00e1rdenas, por lo cual se retir\u00f3 de la contienda. La legisladora veracruzana [&hellip;]<\/p>\n","protected":false},"author":2476,"featured_media":47923,"comment_status":"open","ping_status":"open","sticky":false,"template":"","format":"standard","meta":{"_jetpack_memberships_contains_paid_content":false,"footnotes":""},"categories":[2],"tags":[],"class_list":["post-47922","post","type-post","status-publish","format-standard","has-post-thumbnail","hentry","category-estado"],"jetpack_featured_media_url":"https:\/\/encuentroinformativo.com.mx\/wp-content\/uploads\/2023\/11\/IMG-20231124-WA0137.jpg","jetpack_sharing_enabled":true,"jetpack_likes_enabled":true,"amp_enabled":true,"_links":{"self":[{"href":"https:\/\/encuentroinformativo.com.mx\/index.php?rest_route=\/wp\/v2\/posts\/47922","targetHints":{"allow":["GET"]}}],"collection":[{"href":"https:\/\/encuentroinformativo.com.mx\/index.php?rest_route=\/wp\/v2\/posts"}],"about":[{"href":"https:\/\/encuentroinformativo.com.mx\/index.php?rest_route=\/wp\/v2\/types\/post"}],"author":[{"embeddable":true,"href":"https:\/\/encuentroinformativo.com.mx\/index.php?rest_route=\/wp\/v2\/users\/2476"}],"replies":[{"embeddable":true,"href":"https:\/\/encuentroinformativo.com.mx\/index.php?rest_route=%2Fwp%2Fv2%2Fcomments&post=47922"}],"version-history":[{"count":1,"href":"https:\/\/encuentroinformativo.com.mx\/index.php?rest_route=\/wp\/v2\/posts\/47922\/revisions"}],"predecessor-version":[{"id":47924,"href":"https:\/\/encuentroinformativo.com.mx\/index.php?rest_route=\/wp\/v2\/posts\/47922\/revisions\/47924"}],"wp:featuredmedia":[{"embeddable":true,"href":"https:\/\/encuentroinformativo.com.mx\/index.php?rest_route=\/wp\/v2\/media\/47923"}],"wp:attachment":[{"href":"https:\/\/encuentroinformativo.com.mx\/index.php?rest_route=%2Fwp%2Fv2%2Fmedia&parent=47922"}],"wp:term":[{"taxonomy":"category","embeddable":true,"href":"https:\/\/encuentroinformativo.com.mx\/index.php?rest_route=%2Fwp%2Fv2%2Fcategories&post=47922"},{"taxonomy":"post_tag","embeddable":true,"href":"https:\/\/encuentroinformativo.com.mx\/index.php?rest_route=%2Fwp%2Fv2%2Ftags&post=47922"}],"curies":[{"name":"wp","href":"https:\/\/api.w.org\/{rel}","templated":true}]}}