{"id":47925,"date":"2023-11-24T19:54:01","date_gmt":"2023-11-25T01:54:01","guid":{"rendered":"https:\/\/encuentroinformativo.com.mx\/?p=47925"},"modified":"2023-11-24T19:54:07","modified_gmt":"2023-11-25T01:54:07","slug":"inaugura-alcalde-jm-unanue-la-feria-regional-del-caballo-2023","status":"publish","type":"post","link":"https:\/\/encuentroinformativo.com.mx\/?p=47925","title":{"rendered":"Inaugura Alcalde JM Un\u00e1nue la Feria Regional del Caballo 2023"},"content":{"rendered":"\n<p><strong>*<em>Del 24 de noviembre al 3 de diciembre, los visitantes podr\u00e1n apreciar alrededor de 180 equinos de diferentes razas en las instalaciones de Ylang Ylang<\/em>.<\/strong><\/p>\n\n\n\n<p>Boca del R\u00edo, Ver.- Como parte de la reactivaci\u00f3n de los diferentes sectores econ\u00f3micos de la ciudad, el alcalde de Boca del R\u00edo, Juan Manuel Un\u00e1nue Abascal, inaugur\u00f3 la Feria Regional del Caballo 2023 en las instalaciones de la Uni\u00f3n Ganadera Regional de la Zona Centro del Estado de Veracruz.<\/p>\n\n\n\n<p>\u201cBoca del R\u00edo en estos dos a\u00f1os ha presentado un movimiento importante, hay mucha inversi\u00f3n, as\u00ed como eventos de todo tipo, art\u00edsticos, culturales, deportivos y de convenciones, independientemente de las ferias ya programas como Ylang Ylang y el Carnaval de Veracruz en la zona conurbada, as\u00ed como nuestras fiestas de Santa Ana, mucha gente est\u00e1 volteando a Boca del R\u00edo y lo ha convertido en un referente en el Sureste de M\u00e9xico\u201d, destac\u00f3 el edil.<\/p>\n\n\n\n<p>Cabe destacar que la Feria Regional del Caballo 2023 se ha convertido en un atractivo m\u00e1s, donde se expondr\u00e1n equinos de otros estados del pa\u00eds como Puebla, Quer\u00e9taro, Hidalgo y Oaxaca.<\/p>\n\n\n\n<p>El Presidente Municipal destac\u00f3 que este tipo de actividades suma de manera importante a la derrama econ\u00f3mica en el municipio, generando ocupaci\u00f3n hotelera y m\u00faltiples beneficios a prestadores de servicios.<\/p>\n\n\n\n<p>Es as\u00ed que del 24 de noviembre al 3 de diciembre, los visitantes podr\u00e1n apreciar alrededor de 180 equinos de diferentes razas, como La Espa\u00f1ola, Cuarto de Milla, Frison, Appalosa y Pura Sangre.<\/p>\n\n\n\n<p>Tambi\u00e9n presenciar\u00e1n actividades equinas como las escaramuzas charras, jaripeos, torneo de lazo vaquero y r\u00e1pido, concurso de caballos bailadores y pasarela, adem\u00e1s de eventos acad\u00e9micos.<\/p>\n\n\n\n<p>Asimismo, Un\u00e1nue Abascal refrend\u00f3 su compromiso de seguir sumando esfuerzos para que Boca del R\u00edo se destaque como un espacio abierto para todos los sectores productivos del estado.<\/p>\n\n\n\n<p>Por su parte, Ren\u00e9 Loyo Garc\u00eda; Presiente de la Uni\u00f3n Ganadera Regional Zona Centro Veracruz, agradeci\u00f3 la presencia y apoyo del Presidente Municipal al sector ganadero y m\u00e1s a\u00fan, posteriormente a la Emergencia Sanitaria.<\/p>\n\n\n\n<p>\u201cGracias Alcalde por tu sensibilidad e inter\u00e9s para que esta festividad no desaparezca y siga como un atractivo m\u00e1s de Boca del R\u00edo, muchas gracias de parte de todos los ganaderos organizados del centro de Veracruz\u201d, resalt\u00f3 Loyo Garc\u00eda.<\/p>\n\n\n\n<p>Finalmente, Juan Manuel Un\u00e1nue Abascal, dese\u00f3 el mayor de los \u00e9xitos a este evento que difunde el trabajo de los ganaderos dedicados a la producci\u00f3n y crianza de caballos, que adem\u00e1s incentiva nuevos mercados de comercializaci\u00f3n reactivando su econom\u00eda y que posiciona a Veracruz como productor de caballos de alta calidad.<\/p>\n\n\n\n<p>Estuvieron presentes Camila Hern\u00e1ndez Medina; Reina de la Expoferia Regional Ganadera Ylang Ylang 2023, N\u00e9stor Guerrero S\u00e1nchez; Representante de la Confederaci\u00f3n Nacional de Organizaciones Ganaderas, Oscar Carmona Vargas; Secretario de la Uni\u00f3n Ganadera Regional Zona Centro Veracruz, Luis Medina Aguirre; Tesorero de la Uni\u00f3n Ganadera Regional Zona Centro Veracruz y Jorge Genaro Vicente Mart\u00ednez; Director de la Facultad de Veterinaria de la Universidad Veracruzana (UV).<\/p>\n","protected":false},"excerpt":{"rendered":"<p>*Del 24 de noviembre al 3 de diciembre, los visitantes podr\u00e1n apreciar alrededor de 180 equinos de diferentes razas en las instalaciones de Ylang Ylang. Boca del R\u00edo, Ver.- Como parte de la reactivaci\u00f3n de los diferentes sectores econ\u00f3micos de la ciudad, el alcalde de Boca del R\u00edo, Juan Manuel Un\u00e1nue Abascal, inaugur\u00f3 la Feria [&hellip;]<\/p>\n","protected":false},"author":2476,"featured_media":47926,"comment_status":"open","ping_status":"open","sticky":false,"template":"","format":"standard","meta":{"_jetpack_memberships_contains_paid_content":false,"footnotes":""},"categories":[2],"tags":[],"class_list":["post-47925","post","type-post","status-publish","format-standard","has-post-thumbnail","hentry","category-estado"],"jetpack_featured_media_url":"https:\/\/encuentroinformativo.com.mx\/wp-content\/uploads\/2023\/11\/IMG-20231124-WA01402.jpg","jetpack_sharing_enabled":true,"jetpack_likes_enabled":true,"amp_enabled":true,"_links":{"self":[{"href":"https:\/\/encuentroinformativo.com.mx\/index.php?rest_route=\/wp\/v2\/posts\/47925","targetHints":{"allow":["GET"]}}],"collection":[{"href":"https:\/\/encuentroinformativo.com.mx\/index.php?rest_route=\/wp\/v2\/posts"}],"about":[{"href":"https:\/\/encuentroinformativo.com.mx\/index.php?rest_route=\/wp\/v2\/types\/post"}],"author":[{"embeddable":true,"href":"https:\/\/encuentroinformativo.com.mx\/index.php?rest_route=\/wp\/v2\/users\/2476"}],"replies":[{"embeddable":true,"href":"https:\/\/encuentroinformativo.com.mx\/index.php?rest_route=%2Fwp%2Fv2%2Fcomments&post=47925"}],"version-history":[{"count":1,"href":"https:\/\/encuentroinformativo.com.mx\/index.php?rest_route=\/wp\/v2\/posts\/47925\/revisions"}],"predecessor-version":[{"id":47927,"href":"https:\/\/encuentroinformativo.com.mx\/index.php?rest_route=\/wp\/v2\/posts\/47925\/revisions\/47927"}],"wp:featuredmedia":[{"embeddable":true,"href":"https:\/\/encuentroinformativo.com.mx\/index.php?rest_route=\/wp\/v2\/media\/47926"}],"wp:attachment":[{"href":"https:\/\/encuentroinformativo.com.mx\/index.php?rest_route=%2Fwp%2Fv2%2Fmedia&parent=47925"}],"wp:term":[{"taxonomy":"category","embeddable":true,"href":"https:\/\/encuentroinformativo.com.mx\/index.php?rest_route=%2Fwp%2Fv2%2Fcategories&post=47925"},{"taxonomy":"post_tag","embeddable":true,"href":"https:\/\/encuentroinformativo.com.mx\/index.php?rest_route=%2Fwp%2Fv2%2Ftags&post=47925"}],"curies":[{"name":"wp","href":"https:\/\/api.w.org\/{rel}","templated":true}]}}