{"id":47928,"date":"2023-11-24T19:57:12","date_gmt":"2023-11-25T01:57:12","guid":{"rendered":"https:\/\/encuentroinformativo.com.mx\/?p=47928"},"modified":"2023-11-24T19:57:16","modified_gmt":"2023-11-25T01:57:16","slug":"pepe-yunes-candidato-del-fam-en-veracruz","status":"publish","type":"post","link":"https:\/\/encuentroinformativo.com.mx\/?p=47928","title":{"rendered":"Pepe Yunes candidato del FAM en Veracruz"},"content":{"rendered":"\n<p><strong>Alejandro \u00c1vila<\/strong><\/p>\n\n\n\n<p>Veracruz, Ver.- El presidente del Comit\u00e9 Ejecutivo Nacional del PRI, Alejandro Moreno C\u00e1rdenas, encabez\u00f3 este d\u00eda en la sede nacional de ese partido, un encuentro en d\u00f3nde prevaleci\u00f3 el di\u00e1logo abierto con los principales actores pol\u00edticos del pri\u00edsmo veracruzano y sobre todo, el consenso que culmin\u00f3 en la decisi\u00f3n de que el diputado federal y veracruzano, Pepe Yunes, ser\u00e1 quien abandere al pri\u00edsmo en la alianza del Frente Amplio por Veracruz , de cara al proceso electoral de 2024 para renovar al gobierno del Estado.<\/p>\n\n\n\n<p>&nbsp;\u201cAcepto con responsabilidad y alegr\u00eda el ser seleccionado para encabezar por mi partido la construcci\u00f3n de un frente amplio en donde la ciudadan\u00eda, el PAN y el PRD, sumemos voluntades para que Veracruz recupere su grandeza\u201d, se\u00f1al\u00f3 Pepe Yunes al concluir la reuni\u00f3n.<\/p>\n\n\n\n<p>El Diputado veracruzano hizo \u00e9nfasis en&nbsp; la unidad, \u201cestar unidos nos va a dar el triunfo y estoy seguro que vamos a ganar como lo hicimos en el 2021, sumando a todas y todos los veracruzanos de verdad\u201d, de ah\u00ed el llamado a los diversos liderazgos de los partidos que integran el Frente Amplio en la entidad a sumar voluntades y esfuerzos.<\/p>\n\n\n\n<p>Insisti\u00f3 en el llamado a quienes participaron en la encuesta a asumir que el proyecto del PRI, \u201cel Frente amplio no es de una persona o de un nombre, sino de un estado que necesita recuperar su grandeza y concretar mejores oportunidades de una verdadera calidad de vida para todos los veracruzanos, sin filias ni fobias, sin ciudadanos de primera o de segunda\u201d dijo.<\/p>\n\n\n\n<p>En una entrevista posterior, el diputado federal, Pepe Yunes expres\u00f3 su agradecimiento por la categor\u00eda y altura de miras de sus compa\u00f1eros de partido, H\u00e9ctor Yunes Landa, Lorena Pi\u00f1\u00f3n, Marlon Ram\u00edrez, Cirilo V\u00e1squez Parissi y Adolfo Ram\u00edrez Arana, presidente del CDE del PRI, reconociendo que la unidad partidista es fundamental para enfrentar los desaf\u00edos pol\u00edticos que se avecinan.<\/p>\n\n\n\n<p>Hizo \u00e9nfasis en el reconocimiento al ex Senador, H\u00e9ctor Yunes Landa, a quien se refiri\u00f3 como \u201cun gran veracruzano con liderazgo, trayectoria y trabajo pol\u00edtico en el estado, reconocido por todos, pieza clave en este&nbsp; di\u00e1logo por la unidad con el l\u00edder nacional del PRI en d\u00f3nde queda claro que no hay vencedores ni vencidos, sino un esfuerzo por consolidar un proyecto que beneficie a las veracruzanas y veracruzanos\u201d, concluy\u00f3.<\/p>\n","protected":false},"excerpt":{"rendered":"<p>Alejandro \u00c1vila Veracruz, Ver.- El presidente del Comit\u00e9 Ejecutivo Nacional del PRI, Alejandro Moreno C\u00e1rdenas, encabez\u00f3 este d\u00eda en la sede nacional de ese partido, un encuentro en d\u00f3nde prevaleci\u00f3 el di\u00e1logo abierto con los principales actores pol\u00edticos del pri\u00edsmo veracruzano y sobre todo, el consenso que culmin\u00f3 en la decisi\u00f3n de que el diputado [&hellip;]<\/p>\n","protected":false},"author":2476,"featured_media":47929,"comment_status":"open","ping_status":"open","sticky":false,"template":"","format":"standard","meta":{"_jetpack_memberships_contains_paid_content":false,"footnotes":""},"categories":[2],"tags":[],"class_list":["post-47928","post","type-post","status-publish","format-standard","has-post-thumbnail","hentry","category-estado"],"jetpack_featured_media_url":"https:\/\/encuentroinformativo.com.mx\/wp-content\/uploads\/2023\/11\/IMG-20231124-WA0138.jpg","jetpack_sharing_enabled":true,"jetpack_likes_enabled":true,"amp_enabled":true,"_links":{"self":[{"href":"https:\/\/encuentroinformativo.com.mx\/index.php?rest_route=\/wp\/v2\/posts\/47928","targetHints":{"allow":["GET"]}}],"collection":[{"href":"https:\/\/encuentroinformativo.com.mx\/index.php?rest_route=\/wp\/v2\/posts"}],"about":[{"href":"https:\/\/encuentroinformativo.com.mx\/index.php?rest_route=\/wp\/v2\/types\/post"}],"author":[{"embeddable":true,"href":"https:\/\/encuentroinformativo.com.mx\/index.php?rest_route=\/wp\/v2\/users\/2476"}],"replies":[{"embeddable":true,"href":"https:\/\/encuentroinformativo.com.mx\/index.php?rest_route=%2Fwp%2Fv2%2Fcomments&post=47928"}],"version-history":[{"count":1,"href":"https:\/\/encuentroinformativo.com.mx\/index.php?rest_route=\/wp\/v2\/posts\/47928\/revisions"}],"predecessor-version":[{"id":47930,"href":"https:\/\/encuentroinformativo.com.mx\/index.php?rest_route=\/wp\/v2\/posts\/47928\/revisions\/47930"}],"wp:featuredmedia":[{"embeddable":true,"href":"https:\/\/encuentroinformativo.com.mx\/index.php?rest_route=\/wp\/v2\/media\/47929"}],"wp:attachment":[{"href":"https:\/\/encuentroinformativo.com.mx\/index.php?rest_route=%2Fwp%2Fv2%2Fmedia&parent=47928"}],"wp:term":[{"taxonomy":"category","embeddable":true,"href":"https:\/\/encuentroinformativo.com.mx\/index.php?rest_route=%2Fwp%2Fv2%2Fcategories&post=47928"},{"taxonomy":"post_tag","embeddable":true,"href":"https:\/\/encuentroinformativo.com.mx\/index.php?rest_route=%2Fwp%2Fv2%2Ftags&post=47928"}],"curies":[{"name":"wp","href":"https:\/\/api.w.org\/{rel}","templated":true}]}}