{"id":47933,"date":"2023-11-25T15:01:11","date_gmt":"2023-11-25T21:01:11","guid":{"rendered":"https:\/\/encuentroinformativo.com.mx\/?p=47933"},"modified":"2023-11-25T15:01:16","modified_gmt":"2023-11-25T21:01:16","slug":"prevalecen-agresiones-contra-mujeres-acusa-red-feminista","status":"publish","type":"post","link":"https:\/\/encuentroinformativo.com.mx\/?p=47933","title":{"rendered":"Prevalecen agresiones contra mujeres, acusa Red Feminista"},"content":{"rendered":"\n<p><strong>Dar\u00edo Pale <\/strong><\/p>\n\n\n\n<p>Xalapa, Ver.- Protestaron ante palacio de Gobierno porque han continuado los feminicidios y las agresiones por parte de elementos de la Secretar\u00eda de Seguridad P\u00fablica (SSP), contra mujeres, as\u00ed lo dieron a conocer las Integrantes de la Red Feministas del Estado de Veracruz (Remufever).<\/p>\n\n\n\n<p>Entrevistada durante la manifestaci\u00f3n, Estela Casados Gonz\u00e1lez, del Observatorio Universitario de Violencias contra las Mujeres de la Universidad Veracruzana, reconoci\u00f3 que ha habido una disminuci\u00f3n de los delitos, pero es meramente por un hecho fortuito.<\/p>\n\n\n\n<p>Portando una manta con el n\u00famero de feminicidios ocurridos hasta octubre de este a\u00f1o, explic\u00f3 que lo hacen para que la sociedad vea el n\u00famero de dichos delitos ocurridos en lo que va del a\u00f1o.<\/p>\n\n\n\n<p>Record\u00f3 que Veracruz cuenta con dos Alertas Violencias de G\u00e9nero, una implementada el 23 de noviembre de 2016 por los feminicidios ocurridos hasta el \u00faltimo a\u00f1o en que Javier Duarte gobern\u00f3.<\/p>\n\n\n\n<p>&#8220;Lo que observamos es que si bien han disminuido los feminicidios, para estas fechas, hace un a\u00f1o est\u00e1bamos reportando 77, ahora 53 para 2023&#8221;, se\u00f1al\u00f3.<\/p>\n\n\n\n<p>&#8220;Observamos que se debe m\u00e1s a un hecho fortuito, no a que realmente se accione la declaratoria de Alerta de Violencia de G\u00e9nero contra las mujeres por el delito de feminicidio&#8221;, agreg\u00f3.<\/p>\n\n\n\n<p>Adem\u00e1s, dijo que observan una violaci\u00f3n a los derechos humanos de la poblaci\u00f3n, concretamente contra las mujeres, por parte de los elementos de la Polic\u00eda Estatal y es que cada fin de semana arrestan a personas alcoholizadas o no, oponga o no resistencia para cobrar el arrastre de sus veh\u00edculos y corral\u00f3n.\u00a0<\/p>\n\n\n\n<p>En ese sentido, revel\u00f3 que en el mes de marzo hubo muchas mujeres golpeadas por elementos femeninos de la Polic\u00eda Estatal y fueron trasladadas sin delito espec\u00edfico.<\/p>\n\n\n\n<p>Finalmente dio a conocer que, &#8220;no es solamente los feminicidios sino toda una violencia que es prodigada en los cuerpos de las mujeres y que es perpetrada tanto por personas de la sociedad como por elementos de la Secretar\u00eda de Seguridad P\u00fablica&#8221;.<\/p>\n","protected":false},"excerpt":{"rendered":"<p>Dar\u00edo Pale Xalapa, Ver.- Protestaron ante palacio de Gobierno porque han continuado los feminicidios y las agresiones por parte de elementos de la Secretar\u00eda de Seguridad P\u00fablica (SSP), contra mujeres, as\u00ed lo dieron a conocer las Integrantes de la Red Feministas del Estado de Veracruz (Remufever). Entrevistada durante la manifestaci\u00f3n, Estela Casados Gonz\u00e1lez, del Observatorio [&hellip;]<\/p>\n","protected":false},"author":2476,"featured_media":47934,"comment_status":"open","ping_status":"open","sticky":false,"template":"","format":"standard","meta":{"_jetpack_memberships_contains_paid_content":false,"footnotes":""},"categories":[2],"tags":[],"class_list":["post-47933","post","type-post","status-publish","format-standard","has-post-thumbnail","hentry","category-estado"],"jetpack_featured_media_url":"https:\/\/encuentroinformativo.com.mx\/wp-content\/uploads\/2023\/11\/IMG-20231125-WA00132.jpg","jetpack_sharing_enabled":true,"jetpack_likes_enabled":true,"amp_enabled":true,"_links":{"self":[{"href":"https:\/\/encuentroinformativo.com.mx\/index.php?rest_route=\/wp\/v2\/posts\/47933","targetHints":{"allow":["GET"]}}],"collection":[{"href":"https:\/\/encuentroinformativo.com.mx\/index.php?rest_route=\/wp\/v2\/posts"}],"about":[{"href":"https:\/\/encuentroinformativo.com.mx\/index.php?rest_route=\/wp\/v2\/types\/post"}],"author":[{"embeddable":true,"href":"https:\/\/encuentroinformativo.com.mx\/index.php?rest_route=\/wp\/v2\/users\/2476"}],"replies":[{"embeddable":true,"href":"https:\/\/encuentroinformativo.com.mx\/index.php?rest_route=%2Fwp%2Fv2%2Fcomments&post=47933"}],"version-history":[{"count":1,"href":"https:\/\/encuentroinformativo.com.mx\/index.php?rest_route=\/wp\/v2\/posts\/47933\/revisions"}],"predecessor-version":[{"id":47935,"href":"https:\/\/encuentroinformativo.com.mx\/index.php?rest_route=\/wp\/v2\/posts\/47933\/revisions\/47935"}],"wp:featuredmedia":[{"embeddable":true,"href":"https:\/\/encuentroinformativo.com.mx\/index.php?rest_route=\/wp\/v2\/media\/47934"}],"wp:attachment":[{"href":"https:\/\/encuentroinformativo.com.mx\/index.php?rest_route=%2Fwp%2Fv2%2Fmedia&parent=47933"}],"wp:term":[{"taxonomy":"category","embeddable":true,"href":"https:\/\/encuentroinformativo.com.mx\/index.php?rest_route=%2Fwp%2Fv2%2Fcategories&post=47933"},{"taxonomy":"post_tag","embeddable":true,"href":"https:\/\/encuentroinformativo.com.mx\/index.php?rest_route=%2Fwp%2Fv2%2Ftags&post=47933"}],"curies":[{"name":"wp","href":"https:\/\/api.w.org\/{rel}","templated":true}]}}