{"id":4794,"date":"2020-08-10T14:51:59","date_gmt":"2020-08-10T19:51:59","guid":{"rendered":"https:\/\/encuentroinformativo.com\/?p=4794"},"modified":"2020-08-10T14:52:02","modified_gmt":"2020-08-10T19:52:02","slug":"inviable-adelantar-el-buen-fin-empresarios","status":"publish","type":"post","link":"https:\/\/encuentroinformativo.com.mx\/?p=4794","title":{"rendered":"Inviable adelantar el Buen Fin: Empresarios"},"content":{"rendered":"\n<p><strong>Dar\u00edo Pale <\/strong><\/p>\n\n\n\n<p>Xalapa, Ver.- El presidente de la asociaci\u00f3n SOS, Jes\u00fas Casta\u00f1eda Nevarez, calific\u00f3 como &#8220;fuera de lugar&#8221; el anuncio de que el Buen Fin podr\u00eda adelantarse para septiembre, en medio de la crisis econ\u00f3mica por el coronavirus.<\/p>\n\n\n\n<p>En entrevista se\u00f1al\u00f3 que esta &#8220;muy fuera de lugar , porque traemos hoy d\u00eda como nunca en la historia una prioridad que tiene que ver con sobrevivir y de la mejor manera\u201d.<\/p>\n\n\n\n<p>Lo anterior obedece al anuncio de que los empresarios eval\u00faan adelantar El Buen Fin para los meses de agosto o septiembre, con el objetivo de incentivar el consumo y apoyar a la reactivaci\u00f3n econ\u00f3mica.<\/p>\n\n\n\n<p>El Consejo Coordinador Empresarial (CCE) y varias secretar\u00edas de Estado trabajan en la propuesta.<\/p>\n\n\n\n<p>Casta\u00f1eda Nevarez dijo que ante una situaci\u00f3n econ\u00f3mica mundial que tiene paralizada a la poblaci\u00f3n &#8220;no veo como podr\u00eda la gente entusiasmarse en comprar pantallas como lo hicieron antes y que la gente podr\u00eda pensar en endeudarse con compras de p\u00e1nico\u201d.<\/p>\n\n\n\n<p>Adem\u00e1s existe una situaci\u00f3n complicada &#8220;porque \u00a0he visto anuncios de personas que est\u00e1n cambiando electrodom\u00e9sticos por despensas\u201d.<\/p>\n\n\n\n<p>Finalmente Casta\u00f1eda Nevarez se\u00f1al\u00f3 que lo que se debe buscar es &#8220;el buen fin de la pandemia, porque estamos en una crisis econ\u00f3mica exagerada por la pandemia\u201d.<\/p>\n\n\n\n<p><\/p>\n","protected":false},"excerpt":{"rendered":"<p>Dar\u00edo Pale Xalapa, Ver.- El presidente de la asociaci\u00f3n SOS, Jes\u00fas Casta\u00f1eda Nevarez, calific\u00f3 como &#8220;fuera de lugar&#8221; el anuncio de que el Buen Fin podr\u00eda adelantarse para septiembre, en medio de la crisis econ\u00f3mica por el coronavirus. En entrevista se\u00f1al\u00f3 que esta &#8220;muy fuera de lugar , porque traemos hoy d\u00eda como nunca en [&hellip;]<\/p>\n","protected":false},"author":1,"featured_media":4795,"comment_status":"open","ping_status":"open","sticky":false,"template":"","format":"standard","meta":{"_jetpack_memberships_contains_paid_content":false,"footnotes":""},"categories":[3],"tags":[],"class_list":["post-4794","post","type-post","status-publish","format-standard","has-post-thumbnail","hentry","category-xalapa"],"jetpack_featured_media_url":"https:\/\/encuentroinformativo.com.mx\/wp-content\/uploads\/2020\/08\/5C477F9D-DAE1-443D-9DCA-3AE6BDB9AED0.jpeg","jetpack_sharing_enabled":true,"jetpack_likes_enabled":true,"amp_enabled":true,"_links":{"self":[{"href":"https:\/\/encuentroinformativo.com.mx\/index.php?rest_route=\/wp\/v2\/posts\/4794","targetHints":{"allow":["GET"]}}],"collection":[{"href":"https:\/\/encuentroinformativo.com.mx\/index.php?rest_route=\/wp\/v2\/posts"}],"about":[{"href":"https:\/\/encuentroinformativo.com.mx\/index.php?rest_route=\/wp\/v2\/types\/post"}],"author":[{"embeddable":true,"href":"https:\/\/encuentroinformativo.com.mx\/index.php?rest_route=\/wp\/v2\/users\/1"}],"replies":[{"embeddable":true,"href":"https:\/\/encuentroinformativo.com.mx\/index.php?rest_route=%2Fwp%2Fv2%2Fcomments&post=4794"}],"version-history":[{"count":1,"href":"https:\/\/encuentroinformativo.com.mx\/index.php?rest_route=\/wp\/v2\/posts\/4794\/revisions"}],"predecessor-version":[{"id":4796,"href":"https:\/\/encuentroinformativo.com.mx\/index.php?rest_route=\/wp\/v2\/posts\/4794\/revisions\/4796"}],"wp:featuredmedia":[{"embeddable":true,"href":"https:\/\/encuentroinformativo.com.mx\/index.php?rest_route=\/wp\/v2\/media\/4795"}],"wp:attachment":[{"href":"https:\/\/encuentroinformativo.com.mx\/index.php?rest_route=%2Fwp%2Fv2%2Fmedia&parent=4794"}],"wp:term":[{"taxonomy":"category","embeddable":true,"href":"https:\/\/encuentroinformativo.com.mx\/index.php?rest_route=%2Fwp%2Fv2%2Fcategories&post=4794"},{"taxonomy":"post_tag","embeddable":true,"href":"https:\/\/encuentroinformativo.com.mx\/index.php?rest_route=%2Fwp%2Fv2%2Ftags&post=4794"}],"curies":[{"name":"wp","href":"https:\/\/api.w.org\/{rel}","templated":true}]}}