{"id":47941,"date":"2023-11-26T17:06:37","date_gmt":"2023-11-26T23:06:37","guid":{"rendered":"https:\/\/encuentroinformativo.com.mx\/?p=47941"},"modified":"2023-11-26T17:06:42","modified_gmt":"2023-11-26T23:06:42","slug":"esperan-mas-de-10-mil-visitantes-en-verbena-del-vino","status":"publish","type":"post","link":"https:\/\/encuentroinformativo.com.mx\/?p=47941","title":{"rendered":"Esperan m\u00e1s de 10 mil visitantes en verbena del Vino"},"content":{"rendered":"\n<p><strong>Juan Arcos <\/strong><\/p>\n\n\n\n<p>Xalapa, Ver.- Se espera la llegada de m\u00e1s de 10 mil visitantes a la zona conurbada Veracruz-Boca del R\u00edo para la novena edici\u00f3n de la Verbena del Vino Mexicano, a realizarse los d\u00edas 2 y 3 de diciembre pr\u00f3ximo.<\/p>\n\n\n\n<p>As\u00ed lo revel\u00f3 el titular de la Secretar\u00eda de Turismo y Cultura (Sectur), Iv\u00e1n Francisco Mart\u00ednez Olvera, durante la presentaci\u00f3n del evento en el Barrio M\u00e1gico Xallitic de la ciudad de Xalapa este domingo 26 de diciembre.<\/p>\n\n\n\n<p>El funcionario estatal destac\u00f3 que se trata de un evento tur\u00edstico que detona el desarrollo econ\u00f3mico en la entidad veracruzana.<br>Adem\u00e1s, se posiciona la marca \u201cVeracruz\u201d a nivel nacional e internacional, lo que permite el arribo de miles de turistas a la zona conurbada, generando una importante derrama econ\u00f3mica en la zona.<\/p>\n\n\n\n<p>\u201cEs un encuentro muy reconocido a nivel internacional, donde vamos a encontrar varias experiencias de vino, no solo es comprar una botella de vino, si no conocer un poquito m\u00e1s lo que es su elaboraci\u00f3n. Se est\u00e1 retomando muy fuerte a nivel nacional el desarrollo del vino mexicano\u201d, expres\u00f3.<\/p>\n\n\n\n<p>A\u00f1adi\u00f3 que la Verbena es reconocida y resulta atractiva para los turistas, donde la marca \u201cVeracruz\u201d posiciona y se cuenta con la participaci\u00f3n de m\u00e1s de 30 productores de vino.<br>\u201cSe conjuga este fin de semana con conciertos, un marat\u00f3n, as\u00ed es que si vamos a Veracruz ese d\u00eda tendremos grandes actividades\u201d, enfatiz\u00f3 Iv\u00e1n Mart\u00ednez.<\/p>\n\n\n\n<p>En la Verbena del Vino Mexicano habr\u00e1 presentaciones musicales en vivo, catas, stands de vinos, alimentos y degustaciones desde las 14:00 las 22:00 horas.<\/p>\n","protected":false},"excerpt":{"rendered":"<p>Juan Arcos Xalapa, Ver.- Se espera la llegada de m\u00e1s de 10 mil visitantes a la zona conurbada Veracruz-Boca del R\u00edo para la novena edici\u00f3n de la Verbena del Vino Mexicano, a realizarse los d\u00edas 2 y 3 de diciembre pr\u00f3ximo. As\u00ed lo revel\u00f3 el titular de la Secretar\u00eda de Turismo y Cultura (Sectur), Iv\u00e1n [&hellip;]<\/p>\n","protected":false},"author":2476,"featured_media":47942,"comment_status":"open","ping_status":"open","sticky":false,"template":"","format":"standard","meta":{"_jetpack_memberships_contains_paid_content":false,"footnotes":""},"categories":[2],"tags":[],"class_list":["post-47941","post","type-post","status-publish","format-standard","has-post-thumbnail","hentry","category-estado"],"jetpack_featured_media_url":"https:\/\/encuentroinformativo.com.mx\/wp-content\/uploads\/2023\/11\/IMG_2199.jpg","jetpack_sharing_enabled":true,"jetpack_likes_enabled":true,"amp_enabled":true,"_links":{"self":[{"href":"https:\/\/encuentroinformativo.com.mx\/index.php?rest_route=\/wp\/v2\/posts\/47941","targetHints":{"allow":["GET"]}}],"collection":[{"href":"https:\/\/encuentroinformativo.com.mx\/index.php?rest_route=\/wp\/v2\/posts"}],"about":[{"href":"https:\/\/encuentroinformativo.com.mx\/index.php?rest_route=\/wp\/v2\/types\/post"}],"author":[{"embeddable":true,"href":"https:\/\/encuentroinformativo.com.mx\/index.php?rest_route=\/wp\/v2\/users\/2476"}],"replies":[{"embeddable":true,"href":"https:\/\/encuentroinformativo.com.mx\/index.php?rest_route=%2Fwp%2Fv2%2Fcomments&post=47941"}],"version-history":[{"count":1,"href":"https:\/\/encuentroinformativo.com.mx\/index.php?rest_route=\/wp\/v2\/posts\/47941\/revisions"}],"predecessor-version":[{"id":47943,"href":"https:\/\/encuentroinformativo.com.mx\/index.php?rest_route=\/wp\/v2\/posts\/47941\/revisions\/47943"}],"wp:featuredmedia":[{"embeddable":true,"href":"https:\/\/encuentroinformativo.com.mx\/index.php?rest_route=\/wp\/v2\/media\/47942"}],"wp:attachment":[{"href":"https:\/\/encuentroinformativo.com.mx\/index.php?rest_route=%2Fwp%2Fv2%2Fmedia&parent=47941"}],"wp:term":[{"taxonomy":"category","embeddable":true,"href":"https:\/\/encuentroinformativo.com.mx\/index.php?rest_route=%2Fwp%2Fv2%2Fcategories&post=47941"},{"taxonomy":"post_tag","embeddable":true,"href":"https:\/\/encuentroinformativo.com.mx\/index.php?rest_route=%2Fwp%2Fv2%2Ftags&post=47941"}],"curies":[{"name":"wp","href":"https:\/\/api.w.org\/{rel}","templated":true}]}}