{"id":47952,"date":"2023-11-26T17:53:41","date_gmt":"2023-11-26T23:53:41","guid":{"rendered":"https:\/\/encuentroinformativo.com.mx\/?p=47952"},"modified":"2023-11-26T17:53:46","modified_gmt":"2023-11-26T23:53:46","slug":"mas-de-20-mil-personas-celebraron-siete-anos-de-humanismo-mexicano","status":"publish","type":"post","link":"https:\/\/encuentroinformativo.com.mx\/?p=47952","title":{"rendered":"M\u00e1s de 20 mil personas celebraron siete a\u00f1os de humanismo mexicano"},"content":{"rendered":"\n<p>Xalapa, Ver.- En el marco del s\u00e9ptimo aniversario del movimiento Unidos Todos, m\u00e1s de 20 mil veracruzanas y veracruzanos celebraron los resultados de la Cuarta Transformaci\u00f3n, pero sobre todo la unidad que se ha logrado a partir del nacimiento de Unidos Todos en 2016.<\/p>\n\n\n\n<p>El l\u00edder de la agrupaci\u00f3n, Eleazar Guerrero P\u00e9rez record\u00f3 que fue un largo camino para llegar a la solidez con la que cuenta Unidos Todos, \u201cla gratitud siempre hay que exhibirla en exceso y es que en estos 7 a\u00f1os aquellos que se fueron sumando y tomando su responsabilidad le han dado forma a nuestro movimiento\u201d.<\/p>\n\n\n\n<p>Guerrero P\u00e9rez recalc\u00f3 que es tiempo de mujeres y al respecto record\u00f3 el avasallador triunfo de la Ing. Roc\u00edo Nahle, la cual la posicion\u00f3 como la primera diputada por Morena en 2015.<\/p>\n\n\n\n<p>\u201cHoy por hoy necesit\u00e1bamos una coordinadora de la 4t para conducir los destinos de este gran movimiento, nos encontramos Unidos Todos para celebrar el 7 aniversario y para seguir siendo testigos de la transformaci\u00f3n de nuestra historia\u201d, dijo.<\/p>\n\n\n\n<p>Destac\u00f3 que cuando las voluntades se juntan, unidos todos podemos hacer lo que sea y eso significan cosas buenas y positivas, \u201cen la izquierda es donde tenemos el coraz\u00f3n de nuestra patria y de nuestra gente, tenemos un camino muy largo por delante\u201d.<\/p>\n\n\n\n<p>Por su parte, la coordinadora de los comit\u00e9s por la defensa de la 4T, Roc\u00edo Nahle record\u00f3 los avances que en 5 a\u00f1os se han logrado gracias al gobierno que encabeza, Andr\u00e9s Manuel L\u00f3pez Obrador, \u201ctenemos al mejor presidente del mundo\u201d.<\/p>\n\n\n\n<p>Puntualiz\u00f3 que por el bien de todos, primero los pobres, \u201cVeracruz es el destino para invertir, para el turismo, para la industria, para el campo, Veracruz es el destino de M\u00e9xico\u201d, concluy\u00f3.<\/p>\n","protected":false},"excerpt":{"rendered":"<p>Xalapa, Ver.- En el marco del s\u00e9ptimo aniversario del movimiento Unidos Todos, m\u00e1s de 20 mil veracruzanas y veracruzanos celebraron los resultados de la Cuarta Transformaci\u00f3n, pero sobre todo la unidad que se ha logrado a partir del nacimiento de Unidos Todos en 2016. El l\u00edder de la agrupaci\u00f3n, Eleazar Guerrero P\u00e9rez record\u00f3 que fue [&hellip;]<\/p>\n","protected":false},"author":2476,"featured_media":47953,"comment_status":"open","ping_status":"open","sticky":false,"template":"","format":"standard","meta":{"_jetpack_memberships_contains_paid_content":false,"footnotes":""},"categories":[2],"tags":[],"class_list":["post-47952","post","type-post","status-publish","format-standard","has-post-thumbnail","hentry","category-estado"],"jetpack_featured_media_url":"https:\/\/encuentroinformativo.com.mx\/wp-content\/uploads\/2023\/11\/IMG-20231126-WA0025.jpg","jetpack_sharing_enabled":true,"jetpack_likes_enabled":true,"amp_enabled":true,"_links":{"self":[{"href":"https:\/\/encuentroinformativo.com.mx\/index.php?rest_route=\/wp\/v2\/posts\/47952","targetHints":{"allow":["GET"]}}],"collection":[{"href":"https:\/\/encuentroinformativo.com.mx\/index.php?rest_route=\/wp\/v2\/posts"}],"about":[{"href":"https:\/\/encuentroinformativo.com.mx\/index.php?rest_route=\/wp\/v2\/types\/post"}],"author":[{"embeddable":true,"href":"https:\/\/encuentroinformativo.com.mx\/index.php?rest_route=\/wp\/v2\/users\/2476"}],"replies":[{"embeddable":true,"href":"https:\/\/encuentroinformativo.com.mx\/index.php?rest_route=%2Fwp%2Fv2%2Fcomments&post=47952"}],"version-history":[{"count":1,"href":"https:\/\/encuentroinformativo.com.mx\/index.php?rest_route=\/wp\/v2\/posts\/47952\/revisions"}],"predecessor-version":[{"id":47954,"href":"https:\/\/encuentroinformativo.com.mx\/index.php?rest_route=\/wp\/v2\/posts\/47952\/revisions\/47954"}],"wp:featuredmedia":[{"embeddable":true,"href":"https:\/\/encuentroinformativo.com.mx\/index.php?rest_route=\/wp\/v2\/media\/47953"}],"wp:attachment":[{"href":"https:\/\/encuentroinformativo.com.mx\/index.php?rest_route=%2Fwp%2Fv2%2Fmedia&parent=47952"}],"wp:term":[{"taxonomy":"category","embeddable":true,"href":"https:\/\/encuentroinformativo.com.mx\/index.php?rest_route=%2Fwp%2Fv2%2Fcategories&post=47952"},{"taxonomy":"post_tag","embeddable":true,"href":"https:\/\/encuentroinformativo.com.mx\/index.php?rest_route=%2Fwp%2Fv2%2Ftags&post=47952"}],"curies":[{"name":"wp","href":"https:\/\/api.w.org\/{rel}","templated":true}]}}