{"id":47955,"date":"2023-11-26T18:01:23","date_gmt":"2023-11-27T00:01:23","guid":{"rendered":"https:\/\/encuentroinformativo.com.mx\/?p=47955"},"modified":"2023-11-26T18:01:28","modified_gmt":"2023-11-27T00:01:28","slug":"un-multitudinario-septimo-aniversario-de-unidos-todos-en-banderilla-veracruz","status":"publish","type":"post","link":"https:\/\/encuentroinformativo.com.mx\/?p=47955","title":{"rendered":"Un Multitudinario S\u00e9ptimo Aniversario de &#8216;Unidos Todos&#8217; en Banderilla, Veracruz"},"content":{"rendered":"\n<p>Banderilla, Veracruz &#8211; El campo Ocotita fue testigo de una celebraci\u00f3n sin precedentes en honor al s\u00e9ptimo aniversario de &#8216;Unidos Todos&#8217;, el cual congreg\u00f3 a m\u00e1s de 25 mil asistentes en una demostraci\u00f3n de unidad y festividad.<\/p>\n\n\n\n<p>El discurso de bienvenida estuvo a cargo del maestro, Eleazar Guerrero P\u00e9rez, l\u00edder de este gran movimiento y con gran sentido humanista; se dijo agradecido de la presencia de todas y todos, de la gran familia, de amigos e invitados especiales, de los medios de comunicaci\u00f3n que han seguido y visto de cerca el enorme crecimiento de este movimiento, se\u00f1al fehaciente que se est\u00e1n haciendo bien las cosas, consolidando con la Cuarta Tr\u00e1nsformaci\u00f3n el proyecto de naci\u00f3n.<\/p>\n\n\n\n<p>La coordinadora de la Defensa de la Cuarta Transformaci\u00f3n, Roc\u00edo Nahle, asisti\u00f3 como invitada especial, cobijada por el cari\u00f1o de la gente, destacando con su presencia y respaldando el esp\u00edritu de uni\u00f3n y progreso que caracteriza a &#8216;Unidos Todos&#8217;. Su participaci\u00f3n simboliza el compromiso continuo con el desarrollo y el bienestar de Veracruz.<\/p>\n\n\n\n<p>En su participaci\u00f3n hizo menci\u00f3n del significativo avance que la Cuarta Tr\u00e1nsformaci\u00f3n ha propiciado en M\u00e9xico, destacando que los programas sociales son un Derecho del pueblo, primero los pobres.<\/p>\n\n\n\n<p>Destac\u00f3 que est\u00e1 aqu\u00ed para caminar de la mano con los ciudadanos, pero sobre todo por el amor a Veracruz, no sin dejar de lado que el cambio en la pol\u00edtica que se ha hecho en este pa\u00eds va avanzando, avanzando en econom\u00eda, educaci\u00f3n, generaci\u00f3n de empleo; en paridad de g\u00e9nero. No ha sido f\u00e1cil pero de la mano de nuestro presidente quien asumi\u00f3 el reto ha hecho que el M\u00e9xico avance sin endeudarse, dijo.<\/p>\n\n\n\n<p>El evento se caracteriz\u00f3 por una atm\u00f3sfera de celebraci\u00f3n y reflexi\u00f3n, donde se reconoci\u00f3 el crecimiento y los logros alcanzados a lo largo de estos siete a\u00f1os. Tambi\u00e9n se puso de manifiesto la importancia de seguir trabajando juntos por un futuro mejor para Veracruz.<\/p>\n\n\n\n<p>El aniversario de &#8216;Unidos Todos&#8217; no solo celebr\u00f3 un hito m\u00e1s en su historia, sino que tambi\u00e9n reafirm\u00f3 el compromiso de la comunidad con los valores de solidaridad, cooperaci\u00f3n y humanismo que han sido la base de este importante Movimiento desde su inicio.<\/p>\n","protected":false},"excerpt":{"rendered":"<p>Banderilla, Veracruz &#8211; El campo Ocotita fue testigo de una celebraci\u00f3n sin precedentes en honor al s\u00e9ptimo aniversario de &#8216;Unidos Todos&#8217;, el cual congreg\u00f3 a m\u00e1s de 25 mil asistentes en una demostraci\u00f3n de unidad y festividad. El discurso de bienvenida estuvo a cargo del maestro, Eleazar Guerrero P\u00e9rez, l\u00edder de este gran movimiento y [&hellip;]<\/p>\n","protected":false},"author":2476,"featured_media":47956,"comment_status":"open","ping_status":"open","sticky":false,"template":"","format":"standard","meta":{"_jetpack_memberships_contains_paid_content":false,"footnotes":""},"categories":[2],"tags":[],"class_list":["post-47955","post","type-post","status-publish","format-standard","has-post-thumbnail","hentry","category-estado"],"jetpack_featured_media_url":"https:\/\/encuentroinformativo.com.mx\/wp-content\/uploads\/2023\/11\/IMG-20231126-WA0021.jpg","jetpack_sharing_enabled":true,"jetpack_likes_enabled":true,"amp_enabled":true,"_links":{"self":[{"href":"https:\/\/encuentroinformativo.com.mx\/index.php?rest_route=\/wp\/v2\/posts\/47955","targetHints":{"allow":["GET"]}}],"collection":[{"href":"https:\/\/encuentroinformativo.com.mx\/index.php?rest_route=\/wp\/v2\/posts"}],"about":[{"href":"https:\/\/encuentroinformativo.com.mx\/index.php?rest_route=\/wp\/v2\/types\/post"}],"author":[{"embeddable":true,"href":"https:\/\/encuentroinformativo.com.mx\/index.php?rest_route=\/wp\/v2\/users\/2476"}],"replies":[{"embeddable":true,"href":"https:\/\/encuentroinformativo.com.mx\/index.php?rest_route=%2Fwp%2Fv2%2Fcomments&post=47955"}],"version-history":[{"count":1,"href":"https:\/\/encuentroinformativo.com.mx\/index.php?rest_route=\/wp\/v2\/posts\/47955\/revisions"}],"predecessor-version":[{"id":47957,"href":"https:\/\/encuentroinformativo.com.mx\/index.php?rest_route=\/wp\/v2\/posts\/47955\/revisions\/47957"}],"wp:featuredmedia":[{"embeddable":true,"href":"https:\/\/encuentroinformativo.com.mx\/index.php?rest_route=\/wp\/v2\/media\/47956"}],"wp:attachment":[{"href":"https:\/\/encuentroinformativo.com.mx\/index.php?rest_route=%2Fwp%2Fv2%2Fmedia&parent=47955"}],"wp:term":[{"taxonomy":"category","embeddable":true,"href":"https:\/\/encuentroinformativo.com.mx\/index.php?rest_route=%2Fwp%2Fv2%2Fcategories&post=47955"},{"taxonomy":"post_tag","embeddable":true,"href":"https:\/\/encuentroinformativo.com.mx\/index.php?rest_route=%2Fwp%2Fv2%2Ftags&post=47955"}],"curies":[{"name":"wp","href":"https:\/\/api.w.org\/{rel}","templated":true}]}}