{"id":47960,"date":"2023-11-27T08:58:35","date_gmt":"2023-11-27T14:58:35","guid":{"rendered":"https:\/\/encuentroinformativo.com.mx\/?p=47960"},"modified":"2023-11-27T08:58:39","modified_gmt":"2023-11-27T14:58:39","slug":"el-25","status":"publish","type":"post","link":"https:\/\/encuentroinformativo.com.mx\/?p=47960","title":{"rendered":"El 25"},"content":{"rendered":"\n<p><strong>N\u00fameros Rojos<\/strong><\/p>\n\n\n\n<p><strong>Brenda Caballero<\/strong><\/p>\n\n\n\n<p>Son pocos los eventos donde recuerdo al gobernador de Veracruz, Cuitl\u00e1huac Garc\u00eda Jim\u00e9nez, conmemorar el D\u00eda Internacional de la Eliminaci\u00f3n de la Violencia Contra la Mujer. Apenas el pasado s\u00e1bado 25 de noviembre estuvo en Papantla con un grupo de mujeres afines a su gobierno y manifest\u00f3 haber cumplido con el compromiso de prevenir, atender, sancionar y erradicar la violencia que aqueja todos los d\u00edas a las veracruzanas.<\/p>\n\n\n\n<p>Dentro de su discurso cumplidor, mencion\u00f3 reformas a los art\u00edculos del C\u00f3digo Penal que obstaculizan a las mujeres que quieren abortar, atenci\u00f3n a v\u00edctimas de abuso sexual con el programa borto seguro, si es que as\u00ed lo deciden, adem\u00e1s de un&nbsp; Sistema de Alerta Temprana para atender la violencia, que parece ser no funciona tan temprano pues Veracruz sigue teniendo el segundo lugar en feminicidios a nivel nacional, sin que durante su mandato logre disminuirlo ni el primer lugar en violencia politica contra las mujeres.<\/p>\n\n\n\n<p>Lo que llam\u00f3 mi atenci\u00f3n fue el empoderamiento hacia las mujeres. Entonces \u00bfPor qu\u00e9 la titular del Instituto Veracruzano de las Mujeres sigue como Encargada?<\/p>\n\n\n\n<p>Por otro lado, en algunas dependencias de Gobierno del Estado les fue bien que cayera en s\u00e1bado, pues se ahorraron el evento.<\/p>\n\n\n\n<p>Por cierto, a la que s\u00ed se le vio acompa\u00f1ada de un nutrido grupo de mujeres fue a la aspirante de Morena a la Gubernatura de Veracruz, Roc\u00edo Nahle, que subi\u00f3 un video con motivo del 25 de Noviembre donde se dijo estar en Xalapa trabajando con compa\u00f1eras&nbsp; trabajadoras, estudiantes y amas de casa para erradicar la violencia contra las mujeres.<\/p>\n\n\n\n<p>Por su parte, H\u00e9ctor Yunes Landa renov\u00f3 en sus redes sociales el compromiso por un Veracruz libre de Violencia de G\u00e9nero, resaltando que la erradicaci\u00f3n inicia con educaci\u00f3n y respeto mutuo. Tambi\u00e9n escribi\u00f3: \u201cJuntos, d\u00edgamos NO a la violencia y construyamos un Veracruz donde todas las Mujeres vivan libres, seguras y en Igualdad\u201d.<\/p>\n\n\n\n<p>Anil\u00fa Ingram resalt\u00f3 que la violencia de g\u00e9nero se debe atender en serio \u00bfpor qu\u00e9 o qui\u00e9n lo dir\u00eda? Raz\u00f3n por la que hizo un reconocimiento p\u00fablico a las 18 mujeres que este 25 de Noviembre recibieron la certificaci\u00f3n en el est\u00e1ndar de competencia 0539 que tendr\u00e1n el primer contacto y la atenci\u00f3n presencial a las mujeres que sufran violencia. Son las llamadas primeras C\u00e9lulas Violeta.<\/p>\n\n\n\n<p>Sergio Gil, posible aspirante a la gubernarura de Veracruz por Movimiento Ciudadano, estuvo en Tlapacoyan y desde all\u00ed expres\u00f3 que su partido tendr\u00e1 m\u00e1s mujeres aspirantes a puestos populares; adem\u00e1s en sus redes sociales escribi\u00f3: \u201cAunque se autodenominen un gobierno feminista, los hechos hablan m\u00e1s fuerte que las palabras\u201d y agreg\u00f3: Tlapacoyan y las Mujeres tienen quien las defienda.<\/p>\n\n\n\n<p>Al que no se le vio en redes sociales manifestarse por erradicar la violencia contra las Mujeres fue al candidato del PRI por el Frente, Pepe Yunes Zorrilla, \u00bfser\u00e1 que dej\u00f3 el evento para el d\u00eda de hoy?<\/p>\n\n\n\n<p>Lo cierto es que Veracruz sigue con inseguridad, violencia y desaparici\u00f3n de mujeres y ni\u00f1as, y urge que los y las que aspiran a la Gubernatura y por un puesto popular tengan una agenda prioritaria que contrarreste el miedo en el que vivimos muchas veracruzanas al caminar, al ir al trabajo, al estar en casa. Creo que se les olvida que las mujeres somos la mayor\u00eda en el padr\u00f3n electoral y por lo tanto deber\u00edan centrar all\u00ed su atenci\u00f3n, no \u00fanicamente en ser candidatas y candidatos. Urge atender los problemas reales, no solamente los apapachos en las plazas p\u00fablicas.<\/p>\n\n\n\n<p><a href=\"mailto:correo%3Acaballero_brenda@hotmail.com\" target=\"_blank\" rel=\"noreferrer noopener\">correo:caballero_brenda@hotmail.com<\/a><\/p>\n\n\n\n<p>Twitter: @NumerosRojos_BC<\/p>\n","protected":false},"excerpt":{"rendered":"<p>N\u00fameros Rojos Brenda Caballero Son pocos los eventos donde recuerdo al gobernador de Veracruz, Cuitl\u00e1huac Garc\u00eda Jim\u00e9nez, conmemorar el D\u00eda Internacional de la Eliminaci\u00f3n de la Violencia Contra la Mujer. Apenas el pasado s\u00e1bado 25 de noviembre estuvo en Papantla con un grupo de mujeres afines a su gobierno y manifest\u00f3 haber cumplido con el [&hellip;]<\/p>\n","protected":false},"author":2476,"featured_media":387,"comment_status":"open","ping_status":"open","sticky":false,"template":"","format":"standard","meta":{"_jetpack_memberships_contains_paid_content":false,"footnotes":""},"categories":[11],"tags":[],"class_list":["post-47960","post","type-post","status-publish","format-standard","has-post-thumbnail","hentry","category-opinion"],"jetpack_featured_media_url":"https:\/\/encuentroinformativo.com.mx\/wp-content\/uploads\/2020\/03\/7CF8A22B-2764-47BE-8F7F-38FE9E5D6A2F.jpeg","jetpack_sharing_enabled":true,"jetpack_likes_enabled":true,"amp_enabled":true,"_links":{"self":[{"href":"https:\/\/encuentroinformativo.com.mx\/index.php?rest_route=\/wp\/v2\/posts\/47960","targetHints":{"allow":["GET"]}}],"collection":[{"href":"https:\/\/encuentroinformativo.com.mx\/index.php?rest_route=\/wp\/v2\/posts"}],"about":[{"href":"https:\/\/encuentroinformativo.com.mx\/index.php?rest_route=\/wp\/v2\/types\/post"}],"author":[{"embeddable":true,"href":"https:\/\/encuentroinformativo.com.mx\/index.php?rest_route=\/wp\/v2\/users\/2476"}],"replies":[{"embeddable":true,"href":"https:\/\/encuentroinformativo.com.mx\/index.php?rest_route=%2Fwp%2Fv2%2Fcomments&post=47960"}],"version-history":[{"count":1,"href":"https:\/\/encuentroinformativo.com.mx\/index.php?rest_route=\/wp\/v2\/posts\/47960\/revisions"}],"predecessor-version":[{"id":47961,"href":"https:\/\/encuentroinformativo.com.mx\/index.php?rest_route=\/wp\/v2\/posts\/47960\/revisions\/47961"}],"wp:featuredmedia":[{"embeddable":true,"href":"https:\/\/encuentroinformativo.com.mx\/index.php?rest_route=\/wp\/v2\/media\/387"}],"wp:attachment":[{"href":"https:\/\/encuentroinformativo.com.mx\/index.php?rest_route=%2Fwp%2Fv2%2Fmedia&parent=47960"}],"wp:term":[{"taxonomy":"category","embeddable":true,"href":"https:\/\/encuentroinformativo.com.mx\/index.php?rest_route=%2Fwp%2Fv2%2Fcategories&post=47960"},{"taxonomy":"post_tag","embeddable":true,"href":"https:\/\/encuentroinformativo.com.mx\/index.php?rest_route=%2Fwp%2Fv2%2Ftags&post=47960"}],"curies":[{"name":"wp","href":"https:\/\/api.w.org\/{rel}","templated":true}]}}