{"id":4797,"date":"2020-08-10T15:11:41","date_gmt":"2020-08-10T20:11:41","guid":{"rendered":"https:\/\/encuentroinformativo.com\/?p=4797"},"modified":"2020-08-10T15:11:43","modified_gmt":"2020-08-10T20:11:43","slug":"trabajadores-del-sector-salud-piden-detener-agresiones-en-su-contra","status":"publish","type":"post","link":"https:\/\/encuentroinformativo.com.mx\/?p=4797","title":{"rendered":"Trabajadores del sector salud piden detener agresiones en su contra"},"content":{"rendered":"\n<p><strong>Juan Arcos <\/strong><\/p>\n\n\n\n<p>Xalapa, Ver.- Trabajadores del Sector Salud de Xalapa exigieron que cesen las agresiones en su contra, durante esta pandemia del SARS-COV-2 (COVID-19).<\/p>\n\n\n\n<p>De acuerdo con el m\u00e9dico anestesi\u00f3logo del Centro de Alta Especialidad \u201cDoctor Rafael Lucio&#8221;, Miguel \u00c1ngel Franco Pita, en Xalapa ha habido agresiones contra los trabajadores de salud, siendo el personal de enfermer\u00eda el m\u00e1s afectado.<\/p>\n\n\n\n<p>\u201cEn Xalapa ha habido agresiones, m\u00e1s que todo al personal de enfermer\u00eda, los m\u00e9dicos algunos tambi\u00e9n han sufrido, no agresiones f\u00edsicas pero s\u00ed verbales, eso queremos que se termine, pedimos que nos traten con respeto y sobre todo que nos den lo que nosotros necesitamos para trabajar\u201d.<\/p>\n\n\n\n<p>El especialista record\u00f3 que la postura gubernamental sobre el presunto abastecimiento de medicamentos en los hospitales genera m\u00e1s agresiones y criminalizaci\u00f3n contra los m\u00e9dicos y dem\u00e1s trabajadores.<\/p>\n\n\n\n<p>El entrevistado detall\u00f3 que al salirse del cuadro b\u00e1sico de los medicamentos, los pacientes tienen que comprar algunas medicinas para mejorar su condici\u00f3n de salud.<\/p>\n\n\n\n<p>Sin embargo, dicha situaci\u00f3n ha molestado a los pacientes, pues los gobiernos insisten en que el abasto de medicamentos en hospitales est\u00e1 garantizado y no es as\u00ed.<\/p>\n\n\n\n<p>\u201cManifiestan que todos los hospitales tienen medicamentos, que no se dejaran enga\u00f1ar por los m\u00e9dicos de que les faltan medicamentos y, que si eso pasara, los denunciaran, eso incita a la gente a m\u00e1s agresiones\u201d, agreg\u00f3 Franco Pita.<\/p>\n\n\n\n<p>Cabe recordar que el m\u00e9dico Gerardo Vicente Grajales Yuca fue detenido en Chiapas, acusado de abuso de autoridad por pedir medicamentos y equipo a familiares de un paciente con COVID-19, quien posteriormente muri\u00f3.\u00a0<\/p>\n\n\n\n<p><\/p>\n\n\n\n<p><\/p>\n","protected":false},"excerpt":{"rendered":"<p>Juan Arcos Xalapa, Ver.- Trabajadores del Sector Salud de Xalapa exigieron que cesen las agresiones en su contra, durante esta pandemia del SARS-COV-2 (COVID-19). De acuerdo con el m\u00e9dico anestesi\u00f3logo del Centro de Alta Especialidad \u201cDoctor Rafael Lucio&#8221;, Miguel \u00c1ngel Franco Pita, en Xalapa ha habido agresiones contra los trabajadores de salud, siendo el personal [&hellip;]<\/p>\n","protected":false},"author":1,"featured_media":4798,"comment_status":"open","ping_status":"open","sticky":false,"template":"","format":"standard","meta":{"_jetpack_memberships_contains_paid_content":false,"footnotes":""},"categories":[9],"tags":[],"class_list":["post-4797","post","type-post","status-publish","format-standard","has-post-thumbnail","hentry","category-salud"],"jetpack_featured_media_url":"https:\/\/encuentroinformativo.com.mx\/wp-content\/uploads\/2020\/08\/93A58F7A-F82C-4D3F-B947-A68499DB55F6.jpeg","jetpack_sharing_enabled":true,"jetpack_likes_enabled":true,"amp_enabled":true,"_links":{"self":[{"href":"https:\/\/encuentroinformativo.com.mx\/index.php?rest_route=\/wp\/v2\/posts\/4797","targetHints":{"allow":["GET"]}}],"collection":[{"href":"https:\/\/encuentroinformativo.com.mx\/index.php?rest_route=\/wp\/v2\/posts"}],"about":[{"href":"https:\/\/encuentroinformativo.com.mx\/index.php?rest_route=\/wp\/v2\/types\/post"}],"author":[{"embeddable":true,"href":"https:\/\/encuentroinformativo.com.mx\/index.php?rest_route=\/wp\/v2\/users\/1"}],"replies":[{"embeddable":true,"href":"https:\/\/encuentroinformativo.com.mx\/index.php?rest_route=%2Fwp%2Fv2%2Fcomments&post=4797"}],"version-history":[{"count":1,"href":"https:\/\/encuentroinformativo.com.mx\/index.php?rest_route=\/wp\/v2\/posts\/4797\/revisions"}],"predecessor-version":[{"id":4799,"href":"https:\/\/encuentroinformativo.com.mx\/index.php?rest_route=\/wp\/v2\/posts\/4797\/revisions\/4799"}],"wp:featuredmedia":[{"embeddable":true,"href":"https:\/\/encuentroinformativo.com.mx\/index.php?rest_route=\/wp\/v2\/media\/4798"}],"wp:attachment":[{"href":"https:\/\/encuentroinformativo.com.mx\/index.php?rest_route=%2Fwp%2Fv2%2Fmedia&parent=4797"}],"wp:term":[{"taxonomy":"category","embeddable":true,"href":"https:\/\/encuentroinformativo.com.mx\/index.php?rest_route=%2Fwp%2Fv2%2Fcategories&post=4797"},{"taxonomy":"post_tag","embeddable":true,"href":"https:\/\/encuentroinformativo.com.mx\/index.php?rest_route=%2Fwp%2Fv2%2Ftags&post=4797"}],"curies":[{"name":"wp","href":"https:\/\/api.w.org\/{rel}","templated":true}]}}