{"id":47978,"date":"2023-11-27T13:19:05","date_gmt":"2023-11-27T19:19:05","guid":{"rendered":"https:\/\/encuentroinformativo.com.mx\/?p=47978"},"modified":"2023-11-27T13:19:10","modified_gmt":"2023-11-27T19:19:10","slug":"en-mujeres-y-jovenes-aumentan-casos-de-vih-en-veracruz","status":"publish","type":"post","link":"https:\/\/encuentroinformativo.com.mx\/?p=47978","title":{"rendered":"En mujeres y j\u00f3venes, aumentan casos de VIH en Veracruz"},"content":{"rendered":"\n<p><strong>Alejandro \u00c1vila<\/strong><\/p>\n\n\n\n<p>Veracruz, Ver.- Con anuencia del Ayuntamiento de Veracruz, el pr\u00f3ximo 1 de diciembre, en el marco del D\u00eda Mundial de la Lucha contra el VIH, diversas Asociaciones Civiles realizar\u00e1n actividades en los bajos del edificio Trigueros.<\/p>\n\n\n\n<p>Durante este d\u00eda se anunci\u00f3 que regalar\u00e1n preservativos, dar\u00e1n pl\u00e1ticas y talleres sobre el VIH y, tendr\u00e1n a disposici\u00f3n m\u00e1s de 200 pruebas gratuitas de VIH.<\/p>\n\n\n\n<p>Ese mismo d\u00eda, en el antro POSE, se realizar\u00e1 una exposici\u00f3n de arte, donde diversos artistas pl\u00e1sticos de la comunidad LGBT presentan sus obras.<\/p>\n\n\n\n<p>&#8220;Es importante que concienticemos sobre este virus que existe en la comunidad, no solamente dentro de la comunidad LGBT sino de la sociedad, y es importante que hablemos de este tema, porque de repente solamente hablamos de este tema el primero de diciembre, esto pasa durante todo el a\u00f1o. Veracruz desde hace m\u00e1s de una d\u00e9cada se encuentra en los terceros lugares de n\u00fameros rojos de nuevos casos, de m\u00e1s personas, y ahorita aparte el sector que est\u00e1 siendo m\u00e1s afectado est\u00e1n siendo los j\u00f3venes e inclusive las mujeres casadas heterosexuales (\u2026) rango de edades de los j\u00f3venes desde los 13 a\u00f1os hasta los 20 a\u00f1os (\u2026) las estad\u00edsticas de Veracruz, somos el tercer lugar a nivel nacional de nuevos casos aceptados&#8221;, detall\u00f3 Alfonso R\u00edos, representante de CASA Veracruz.<\/p>\n\n\n\n<p>El activista lament\u00f3 que a pesar del aumento de los casos a\u00f1o con a\u00f1o, solo existan tres sitios como el CAPACITS que puedan atender a personas con VIH; lo cual, agreg\u00f3, es insuficiente para la gran demanda de ciudadanos con este padecimiento.<\/p>\n\n\n\n<p>&#8220;Medicamentos hay, el recurso para medicamentos siempre hay, est\u00e1 destinado para esto, el problema como siempre es la burocracia, y de personas que puedan repartir este medicamento y atender, no hay suficientes m\u00e9dicos, no hay suficientes enfermeros, siempre faltan m\u00e1s, es un sector que est\u00e1 olvidado, que no se menciona, y repito, siempre hablamos de ese tema solamente una vez al a\u00f1o&#8221;, acus\u00f3.<\/p>\n","protected":false},"excerpt":{"rendered":"<p>Alejandro \u00c1vila Veracruz, Ver.- Con anuencia del Ayuntamiento de Veracruz, el pr\u00f3ximo 1 de diciembre, en el marco del D\u00eda Mundial de la Lucha contra el VIH, diversas Asociaciones Civiles realizar\u00e1n actividades en los bajos del edificio Trigueros. Durante este d\u00eda se anunci\u00f3 que regalar\u00e1n preservativos, dar\u00e1n pl\u00e1ticas y talleres sobre el VIH y, tendr\u00e1n [&hellip;]<\/p>\n","protected":false},"author":2476,"featured_media":47979,"comment_status":"open","ping_status":"open","sticky":false,"template":"","format":"standard","meta":{"_jetpack_memberships_contains_paid_content":false,"footnotes":""},"categories":[2],"tags":[],"class_list":["post-47978","post","type-post","status-publish","format-standard","has-post-thumbnail","hentry","category-estado"],"jetpack_featured_media_url":"https:\/\/encuentroinformativo.com.mx\/wp-content\/uploads\/2023\/11\/IMG-20231127-WA00742.jpg","jetpack_sharing_enabled":true,"jetpack_likes_enabled":true,"amp_enabled":true,"_links":{"self":[{"href":"https:\/\/encuentroinformativo.com.mx\/index.php?rest_route=\/wp\/v2\/posts\/47978","targetHints":{"allow":["GET"]}}],"collection":[{"href":"https:\/\/encuentroinformativo.com.mx\/index.php?rest_route=\/wp\/v2\/posts"}],"about":[{"href":"https:\/\/encuentroinformativo.com.mx\/index.php?rest_route=\/wp\/v2\/types\/post"}],"author":[{"embeddable":true,"href":"https:\/\/encuentroinformativo.com.mx\/index.php?rest_route=\/wp\/v2\/users\/2476"}],"replies":[{"embeddable":true,"href":"https:\/\/encuentroinformativo.com.mx\/index.php?rest_route=%2Fwp%2Fv2%2Fcomments&post=47978"}],"version-history":[{"count":1,"href":"https:\/\/encuentroinformativo.com.mx\/index.php?rest_route=\/wp\/v2\/posts\/47978\/revisions"}],"predecessor-version":[{"id":47980,"href":"https:\/\/encuentroinformativo.com.mx\/index.php?rest_route=\/wp\/v2\/posts\/47978\/revisions\/47980"}],"wp:featuredmedia":[{"embeddable":true,"href":"https:\/\/encuentroinformativo.com.mx\/index.php?rest_route=\/wp\/v2\/media\/47979"}],"wp:attachment":[{"href":"https:\/\/encuentroinformativo.com.mx\/index.php?rest_route=%2Fwp%2Fv2%2Fmedia&parent=47978"}],"wp:term":[{"taxonomy":"category","embeddable":true,"href":"https:\/\/encuentroinformativo.com.mx\/index.php?rest_route=%2Fwp%2Fv2%2Fcategories&post=47978"},{"taxonomy":"post_tag","embeddable":true,"href":"https:\/\/encuentroinformativo.com.mx\/index.php?rest_route=%2Fwp%2Fv2%2Ftags&post=47978"}],"curies":[{"name":"wp","href":"https:\/\/api.w.org\/{rel}","templated":true}]}}