{"id":47981,"date":"2023-11-27T13:24:30","date_gmt":"2023-11-27T19:24:30","guid":{"rendered":"https:\/\/encuentroinformativo.com.mx\/?p=47981"},"modified":"2023-11-27T13:24:34","modified_gmt":"2023-11-27T19:24:34","slug":"reclaman-apoyo-a-ciudad-judicial-de-veracruz","status":"publish","type":"post","link":"https:\/\/encuentroinformativo.com.mx\/?p=47981","title":{"rendered":"Reclaman apoyo a ciudad judicial de Veracruz"},"content":{"rendered":"\n<p><strong>Alejandro \u00c1vila<\/strong><\/p>\n\n\n\n<p>Veracruz, Ver.- La presidenta del Tribunal Superior de Justicia de Veracruz, Magistrada, Lisbeth Aurelia Jim\u00e9nez Aguirre, incumpli\u00f3 desde el inicio de su administraci\u00f3n con el presunto apoyo que dijo dar\u00eda a la Ciudad Judicial, ubicada en la colonia Pascual Ortiz Rubio en el municipio de Veracruz.<\/p>\n\n\n\n<p>Vicente Octavio Pozos Mar\u00edn, presidente del Foro de Licenciados Especialistas, Maestros y Doctores en Derecho del Estado de Veracruz, mencion\u00f3 que en la mitad de las instalaciones de la Ciudad Judicial los aires acondicionados no sirven, esto debido a que fueron instalados hace 11 a\u00f1os y nunca se les dio el mantenimiento adecuado.<\/p>\n\n\n\n<p>&#8220;Desde el a\u00f1o pasado, insisto, diciembre del 2022 dijo esto, y ya ha transcurrido pr\u00e1cticamente un a\u00f1o, el primero de diciembre de este a\u00f1o cumple un a\u00f1o de su administraci\u00f3n y no se ha hecho absolutamente nada. Ahora, se maneja que van a hacer o que van a contratar o que van a comprar lo que es Mini Split en forma individual. Recordemos lo siguiente, es una Ciudad que pr\u00e1cticamente todas sus paredes son de cristal, \u00bfa d\u00f3nde los van a poner?, \u00bfd\u00f3nde los van a instalar?; es decir, me refiero precisamente a los compresores, \u00bfd\u00f3nde?, \u00bfvan a ser hasta la azotea?, \u00bfy c\u00f3mo van a bajar las tuber\u00edas, c\u00f3mo lo van a realizar?, si es de cristal todo, ese es un gran problema y desafortunadamente seguimos manteniendo esa gran preocupaci\u00f3n&#8221;, subray\u00f3.<\/p>\n\n\n\n<p>Aunado a ello, dijo que los cristales no cuentan con el grosor suficiente para soportar la temporada de &#8220;nortes&#8221;, misma que se est\u00e1 viviendo durante esta \u00e9poca del a\u00f1o, y record\u00f3 que, en reiteradas ocasiones ha habido fisuras en los vidrios debido a las fuertes rachas de viento.<\/p>\n\n\n\n<p>&#8220;Las consecuencias que pueden ocurrir es que, precisamente en esa temporada de nortes puede haber otros da\u00f1os que precisamente ese es el tema hoy, que est\u00e9n las personas laborando, la visita del justiciable para checar sus expedientes o acudir a una audiencia, y ese es el temor fundado que se tiene (\u2026) la recomendaci\u00f3n para decirle a nuestros compa\u00f1eros, es que hay que sacar copia certificadas de lo que es sus expedientes, por el temor de que se extrav\u00eden o en este caso se lleguen a volar&#8221;, declar\u00f3.<\/p>\n\n\n\n<p>Pozos Mar\u00edn, lament\u00f3 que la Ciudad Judicial del Puerto de Veracruz se encuentre en el olvido, no solo de esta, sino de todas las administraciones del Tribunal Superior de Justicia, las cuales nunca le han dado el mantenimiento debido y ahora sufre de problemas en su estructura que, en algunos casos, podr\u00edan ser catastr\u00f3ficos.<\/p>\n\n\n\n<p>&#8220;Los elevadores no sirven, los sanitarios est\u00e1n deplorables, son dos elevadores, ninguno sirve, es un problema, incluso cuando hay personas adultas mayores o personas discapacitadas que tienen que ser llevadas en silla de ruedas, pues hay que subirlos por las escaleras&#8221;, culmin\u00f3.<\/p>\n","protected":false},"excerpt":{"rendered":"<p>Alejandro \u00c1vila Veracruz, Ver.- La presidenta del Tribunal Superior de Justicia de Veracruz, Magistrada, Lisbeth Aurelia Jim\u00e9nez Aguirre, incumpli\u00f3 desde el inicio de su administraci\u00f3n con el presunto apoyo que dijo dar\u00eda a la Ciudad Judicial, ubicada en la colonia Pascual Ortiz Rubio en el municipio de Veracruz. Vicente Octavio Pozos Mar\u00edn, presidente del Foro [&hellip;]<\/p>\n","protected":false},"author":2476,"featured_media":47982,"comment_status":"open","ping_status":"open","sticky":false,"template":"","format":"standard","meta":{"_jetpack_memberships_contains_paid_content":false,"footnotes":""},"categories":[2],"tags":[],"class_list":["post-47981","post","type-post","status-publish","format-standard","has-post-thumbnail","hentry","category-estado"],"jetpack_featured_media_url":"https:\/\/encuentroinformativo.com.mx\/wp-content\/uploads\/2023\/11\/IMG-20231127-WA0076.jpg","jetpack_sharing_enabled":true,"jetpack_likes_enabled":true,"amp_enabled":true,"_links":{"self":[{"href":"https:\/\/encuentroinformativo.com.mx\/index.php?rest_route=\/wp\/v2\/posts\/47981","targetHints":{"allow":["GET"]}}],"collection":[{"href":"https:\/\/encuentroinformativo.com.mx\/index.php?rest_route=\/wp\/v2\/posts"}],"about":[{"href":"https:\/\/encuentroinformativo.com.mx\/index.php?rest_route=\/wp\/v2\/types\/post"}],"author":[{"embeddable":true,"href":"https:\/\/encuentroinformativo.com.mx\/index.php?rest_route=\/wp\/v2\/users\/2476"}],"replies":[{"embeddable":true,"href":"https:\/\/encuentroinformativo.com.mx\/index.php?rest_route=%2Fwp%2Fv2%2Fcomments&post=47981"}],"version-history":[{"count":1,"href":"https:\/\/encuentroinformativo.com.mx\/index.php?rest_route=\/wp\/v2\/posts\/47981\/revisions"}],"predecessor-version":[{"id":47983,"href":"https:\/\/encuentroinformativo.com.mx\/index.php?rest_route=\/wp\/v2\/posts\/47981\/revisions\/47983"}],"wp:featuredmedia":[{"embeddable":true,"href":"https:\/\/encuentroinformativo.com.mx\/index.php?rest_route=\/wp\/v2\/media\/47982"}],"wp:attachment":[{"href":"https:\/\/encuentroinformativo.com.mx\/index.php?rest_route=%2Fwp%2Fv2%2Fmedia&parent=47981"}],"wp:term":[{"taxonomy":"category","embeddable":true,"href":"https:\/\/encuentroinformativo.com.mx\/index.php?rest_route=%2Fwp%2Fv2%2Fcategories&post=47981"},{"taxonomy":"post_tag","embeddable":true,"href":"https:\/\/encuentroinformativo.com.mx\/index.php?rest_route=%2Fwp%2Fv2%2Ftags&post=47981"}],"curies":[{"name":"wp","href":"https:\/\/api.w.org\/{rel}","templated":true}]}}