{"id":47984,"date":"2023-11-27T14:05:14","date_gmt":"2023-11-27T20:05:14","guid":{"rendered":"https:\/\/encuentroinformativo.com.mx\/?p=47984"},"modified":"2023-11-27T14:05:17","modified_gmt":"2023-11-27T20:05:17","slug":"localizan-cadaver-de-joven-reportado-como-desaparecido-en-rio-sedeno","status":"publish","type":"post","link":"https:\/\/encuentroinformativo.com.mx\/?p=47984","title":{"rendered":"Localizan cad\u00e1ver de joven reportado como desaparecido  en R\u00edo Sede\u00f1o"},"content":{"rendered":"\n<p><strong>Juan Arcos <\/strong><\/p>\n\n\n\n<p>Xalapa, Ver.- El cad\u00e1ver de un hombre fue encontrado flotando en el r\u00edo Sede\u00f1o, a la altura de la colonia 21 de Marzo, en los l\u00edmites de los municipios de Banderilla y Xalapa, en la regi\u00f3n capital del estado de Veracruz.<\/p>\n\n\n\n<p>Esto ocurri\u00f3 la ma\u00f1ana de este lunes 27 de noviembre, situaci\u00f3n que fue reportada por los vecinos a los n\u00fameros de emergencia para solicitar la presencia de la polic\u00eda y los cuerpos de rescate.<\/p>\n\n\n\n<p>Se trata del cuerpo de Osmir Pineda M\u00e1rquez, de 37 a\u00f1os, quien estaba en calidad de desaparecido desde el pasado 22 de noviembre.<\/p>\n\n\n\n<p>La Comisi\u00f3n Estatal de B\u00fasqueda hab\u00eda emitido la ficha con sus rasgos particulares para su localizaci\u00f3n.<\/p>\n\n\n\n<p>Elementos de la Secretar\u00eda de Seguridad P\u00fablica (SSP) acudieron al bulevar Xalapa-Banderilla, para atender los reportes ciudadanos.<\/p>\n\n\n\n<p>Posteriormente, arribo al sitio el personal de la Direcci\u00f3n General de Servicios Periciales para llevar a cabo las labores de rescate.<\/p>\n\n\n\n<p>Ser\u00e1 el personal de la Fiscal\u00eda General del Estado (FGE) quien lleve a cabo las investigaciones correspondientes para determinar la causa de muerte.<\/p>\n","protected":false},"excerpt":{"rendered":"<p>Juan Arcos Xalapa, Ver.- El cad\u00e1ver de un hombre fue encontrado flotando en el r\u00edo Sede\u00f1o, a la altura de la colonia 21 de Marzo, en los l\u00edmites de los municipios de Banderilla y Xalapa, en la regi\u00f3n capital del estado de Veracruz. Esto ocurri\u00f3 la ma\u00f1ana de este lunes 27 de noviembre, situaci\u00f3n que [&hellip;]<\/p>\n","protected":false},"author":2476,"featured_media":47985,"comment_status":"open","ping_status":"open","sticky":false,"template":"","format":"standard","meta":{"_jetpack_memberships_contains_paid_content":false,"footnotes":""},"categories":[14],"tags":[],"class_list":["post-47984","post","type-post","status-publish","format-standard","has-post-thumbnail","hentry","category-policiaca"],"jetpack_featured_media_url":"https:\/\/encuentroinformativo.com.mx\/wp-content\/uploads\/2023\/11\/IMG_2243.jpg","jetpack_sharing_enabled":true,"jetpack_likes_enabled":true,"amp_enabled":true,"_links":{"self":[{"href":"https:\/\/encuentroinformativo.com.mx\/index.php?rest_route=\/wp\/v2\/posts\/47984","targetHints":{"allow":["GET"]}}],"collection":[{"href":"https:\/\/encuentroinformativo.com.mx\/index.php?rest_route=\/wp\/v2\/posts"}],"about":[{"href":"https:\/\/encuentroinformativo.com.mx\/index.php?rest_route=\/wp\/v2\/types\/post"}],"author":[{"embeddable":true,"href":"https:\/\/encuentroinformativo.com.mx\/index.php?rest_route=\/wp\/v2\/users\/2476"}],"replies":[{"embeddable":true,"href":"https:\/\/encuentroinformativo.com.mx\/index.php?rest_route=%2Fwp%2Fv2%2Fcomments&post=47984"}],"version-history":[{"count":1,"href":"https:\/\/encuentroinformativo.com.mx\/index.php?rest_route=\/wp\/v2\/posts\/47984\/revisions"}],"predecessor-version":[{"id":47986,"href":"https:\/\/encuentroinformativo.com.mx\/index.php?rest_route=\/wp\/v2\/posts\/47984\/revisions\/47986"}],"wp:featuredmedia":[{"embeddable":true,"href":"https:\/\/encuentroinformativo.com.mx\/index.php?rest_route=\/wp\/v2\/media\/47985"}],"wp:attachment":[{"href":"https:\/\/encuentroinformativo.com.mx\/index.php?rest_route=%2Fwp%2Fv2%2Fmedia&parent=47984"}],"wp:term":[{"taxonomy":"category","embeddable":true,"href":"https:\/\/encuentroinformativo.com.mx\/index.php?rest_route=%2Fwp%2Fv2%2Fcategories&post=47984"},{"taxonomy":"post_tag","embeddable":true,"href":"https:\/\/encuentroinformativo.com.mx\/index.php?rest_route=%2Fwp%2Fv2%2Ftags&post=47984"}],"curies":[{"name":"wp","href":"https:\/\/api.w.org\/{rel}","templated":true}]}}