{"id":47996,"date":"2023-11-27T15:58:12","date_gmt":"2023-11-27T21:58:12","guid":{"rendered":"https:\/\/encuentroinformativo.com.mx\/?p=47996"},"modified":"2023-11-27T15:58:16","modified_gmt":"2023-11-27T21:58:16","slug":"ante-bajos-precios-reanudan-cafetaleros-protestas-en-plaza-lerdo","status":"publish","type":"post","link":"https:\/\/encuentroinformativo.com.mx\/?p=47996","title":{"rendered":"Ante bajos precios, reanudan cafetaleros protestas en Plaza Lerdo"},"content":{"rendered":"\n<p><strong>Dar\u00edo Pale <\/strong><\/p>\n\n\n\n<p>Xalapa, Ver.- Fernando Celis Callejas de la Coordinadora Nacional de Organizaciones Cafetaleras (CNOC), Antonio Castilllo Sanchez y Cirilo Elotlan Diaz acompa\u00f1ado de productores cafetaleros se manifestaron en la plaza Lerdo para denunciar los bajos precios del arom\u00e1tico ya que lo est\u00e1n pagando a 6.50 pesos el kilo de cereza.<\/p>\n\n\n\n<p>En conferencia de prensa en la Plaza Lerdo hicieron un pronunciamiento donde hablan \u00a0acerca del robo que estan teniendo por parte de las empresas con la permisibilidad del gobierno federal ya que actualmente est\u00e1n pagando el kilo de caf\u00e9 cereza en 6.50 Pesos el kilo cuando el a\u00f1o pasado se pag\u00f3 a 15.00.<\/p>\n\n\n\n<p>Se\u00f1alaron que la baja de de los precios deben a la disminuci\u00f3n de la prima o sobreprecio por arriba de la Bolsa del caf\u00e9 mexicano de exportaci\u00f3n (diferencial positivo) la apreciaci\u00f3n del peso ante el d\u00f3lar y que las compa\u00f1\u00edas aplican ahora un monto mayor por gastos de comercializaci\u00f3n.<\/p>\n\n\n\n<p>Estas est\u00e1n detr\u00e1s de la fuerte baja de los precios que se pagan a los productores, perro lo m\u00e1s grave es que las grandes empresas transnacionales torrefactoras y comercializadoras como la Nestl\u00e9, JAB, Starbucks, Neumann, Ecom, Volkaffe y otras.<\/p>\n\n\n\n<p>Ya que les aplican de manera indebida la baja de precios en la Bolsa, que se debe a una mayor producci\u00f3n de caf\u00e9s Naturales (Ar\u00e1bigos no Lavados) de Brasil, a los caf\u00e9s pergaminizados (Ar\u00e1bigos Lavados) como se produce en M\u00e9xico cuando de este caf\u00e9 se han reducido la producci\u00f3n y las exportaciones.<\/p>\n\n\n\n<p>Esta situaci\u00f3n ya se hab\u00eda se\u00f1alado al gobierno federal que podr\u00eda darse y que hab\u00eda que prepararse.<\/p>\n\n\n\n<p>&#8220;Desde el sector productor de caf\u00e9 en M\u00e9xico a trav\u00e9s de la Amecaf\u00e9 ya se dirigi\u00f3 un escrito al presidente L\u00f3pez Obrador se\u00f1alando que ante los bajos precios del caf\u00e9 se debe apoyar a los productores de caf\u00e9 con fertilizante y un monto compensatorio de apoyo fiscal directo al productor&#8221;, se\u00f1alaron.<\/p>\n\n\n\n<p>Dieron a conocer que el 14 de diciembre se presentaran en la ma\u00f1anera y van a acudir al z\u00f3calo en la ciudad de M\u00e9xico para que el presidente AMLO los vea y sepa de sus inconformidades y que el 4 de diciembre tendr\u00e1n una reuni\u00f3n en la SADER.<\/p>\n\n\n\n<p>&#8220;Asimismo llevaremos a cabo foro nacional cafetalero , es decir una asamblea nacional el 14 de diciembre en el z\u00f3calo, para que nos puedan ver los funcionarios y el presidente&#8221;, informaron.<\/p>\n\n\n\n<p>Los cafetaleros solicitaron un apoyo emergente de por lo menos 10,000 pesos por productor, pero que se de de manera inmediata, porque ahora m\u00e1s que nunca lo necesitar\u00e1n.<\/p>\n\n\n\n<p>&#8220;Tenemos conocimiento que en el padron del programa del bienestar existen 200 mil productores y nosotros tenemos registrado en el amecafe un aproximado de 350 mil productores&#8221;, comentaron.<\/p>\n\n\n\n<p>Dieron a conocer que &#8220;ahora son 60 o 70 d\u00f3lares por comercializaci\u00f3n, y todo esto se lo cargan al productor, en el 2022 el dolar estaba a $22.5, ahora esta a 17.25, por lo que el precio real de caf\u00e9 en los 4 mil 569 \u00a0pesos , que ese precio ser\u00eda el precio realAh\u00ed estamos perdiendo alrededor de $650&#8221;.<\/p>\n\n\n\n<p>Los comercializadores se justifican que se elevaron los precios por gastos de comercializaci\u00f3n, \u00a0por seguro, por si les roban la carga , y otras causas, hoy el precio del caf\u00e9 cereza, ser\u00eda de $16.50, pero como le aplican esos 4 factores (comercializaci\u00f3n, \u00a0el precio de bolsa, diferencial, la apreciaci\u00f3n y precio del dolar)Queda en menos del 50 por ciento.<br>&#8220;De 650 mil hect\u00e1reas m\u00e1s del 60 por ciento del caf\u00e9 se va a quedar tirado en el campo, en 4 a 5 a\u00f1os en el sector cafetalero va a ser Amsa va a ser Nestl\u00e9, nuestros hijos van a ser esclavos de estas grandes corporaciones, solo van a prevalecer los que est\u00e9n vendiendo en las cafeter\u00edas, pero tambi\u00e9n el gobierno presionar\u00e1 a estos empresarios locales con Hacienda&#8221;, acusaron.<\/p>\n\n\n\n<p>Por \u00faltimo entregaron un comunicado a los medios de comunicaci\u00f3n el cual entregar\u00e1n al presidente de M\u00e9xico Andr\u00e9s Manuel L\u00f3pez Obrador sobre la problem\u00e1tica que est\u00e1 viviendo el sector cafetalero en el pa\u00eds.<\/p>\n","protected":false},"excerpt":{"rendered":"<p>Dar\u00edo Pale Xalapa, Ver.- Fernando Celis Callejas de la Coordinadora Nacional de Organizaciones Cafetaleras (CNOC), Antonio Castilllo Sanchez y Cirilo Elotlan Diaz acompa\u00f1ado de productores cafetaleros se manifestaron en la plaza Lerdo para denunciar los bajos precios del arom\u00e1tico ya que lo est\u00e1n pagando a 6.50 pesos el kilo de cereza. En conferencia de prensa [&hellip;]<\/p>\n","protected":false},"author":2476,"featured_media":47997,"comment_status":"open","ping_status":"open","sticky":false,"template":"","format":"standard","meta":{"_jetpack_memberships_contains_paid_content":false,"footnotes":""},"categories":[8],"tags":[],"class_list":["post-47996","post","type-post","status-publish","format-standard","has-post-thumbnail","hentry","category-region"],"jetpack_featured_media_url":"https:\/\/encuentroinformativo.com.mx\/wp-content\/uploads\/2023\/11\/IMG-20231127-WA0108.jpg","jetpack_sharing_enabled":true,"jetpack_likes_enabled":true,"amp_enabled":true,"_links":{"self":[{"href":"https:\/\/encuentroinformativo.com.mx\/index.php?rest_route=\/wp\/v2\/posts\/47996","targetHints":{"allow":["GET"]}}],"collection":[{"href":"https:\/\/encuentroinformativo.com.mx\/index.php?rest_route=\/wp\/v2\/posts"}],"about":[{"href":"https:\/\/encuentroinformativo.com.mx\/index.php?rest_route=\/wp\/v2\/types\/post"}],"author":[{"embeddable":true,"href":"https:\/\/encuentroinformativo.com.mx\/index.php?rest_route=\/wp\/v2\/users\/2476"}],"replies":[{"embeddable":true,"href":"https:\/\/encuentroinformativo.com.mx\/index.php?rest_route=%2Fwp%2Fv2%2Fcomments&post=47996"}],"version-history":[{"count":1,"href":"https:\/\/encuentroinformativo.com.mx\/index.php?rest_route=\/wp\/v2\/posts\/47996\/revisions"}],"predecessor-version":[{"id":47998,"href":"https:\/\/encuentroinformativo.com.mx\/index.php?rest_route=\/wp\/v2\/posts\/47996\/revisions\/47998"}],"wp:featuredmedia":[{"embeddable":true,"href":"https:\/\/encuentroinformativo.com.mx\/index.php?rest_route=\/wp\/v2\/media\/47997"}],"wp:attachment":[{"href":"https:\/\/encuentroinformativo.com.mx\/index.php?rest_route=%2Fwp%2Fv2%2Fmedia&parent=47996"}],"wp:term":[{"taxonomy":"category","embeddable":true,"href":"https:\/\/encuentroinformativo.com.mx\/index.php?rest_route=%2Fwp%2Fv2%2Fcategories&post=47996"},{"taxonomy":"post_tag","embeddable":true,"href":"https:\/\/encuentroinformativo.com.mx\/index.php?rest_route=%2Fwp%2Fv2%2Ftags&post=47996"}],"curies":[{"name":"wp","href":"https:\/\/api.w.org\/{rel}","templated":true}]}}