{"id":48005,"date":"2023-11-27T21:52:58","date_gmt":"2023-11-28T03:52:58","guid":{"rendered":"https:\/\/encuentroinformativo.com.mx\/?p=48005"},"modified":"2023-11-27T21:53:04","modified_gmt":"2023-11-28T03:53:04","slug":"reconoce-ayuntamiento-a-la-orteuv-como-patrimonio-cultural-de-la-ciudad","status":"publish","type":"post","link":"https:\/\/encuentroinformativo.com.mx\/?p=48005","title":{"rendered":"Reconoce Ayuntamiento a la Orteuv como patrimonio cultural de la ciudad"},"content":{"rendered":"\n<p>Xalapa, Ver.- Por ser un patrimonio cultural de la ciudad y 70 a\u00f1os de trayectoria, el presidente municipal Ricardo Ahued Bardahuil entreg\u00f3 un reconocimiento a la Compa\u00f1\u00eda Titular de Teatro de la Universidad Veracruzana y la Orteuv, en el marco de la proyecci\u00f3n de \u201cLa Virgen Loca, lado b\u201d.<\/p>\n\n\n\n<p>El Edil destac\u00f3 este trabajo documental sobre la obra realizado por Ricardo Braojos y la Organizaci\u00f3n Teatral de la Universidad Veracruzana (Orteuv), as\u00ed como el aporte a la cultura de Hosm\u00e9 Israel, protagonista de la puesta en escena.<\/p>\n\n\n\n<p>La funci\u00f3n que se present\u00f3 este lunes en el Teatro J.J. Herrera se repetir\u00e1 el 29 de noviembre a las 18:00 horas en el Foro Guadalupe Balderas del Centro Recreativo Xalape\u00f1o. La entrada es libre con cupo limitado.<\/p>\n\n\n\n<p>El gui\u00f3n de esta producci\u00f3n es de Ricardo Braojos y Luis Mario Moncada, quienes a trav\u00e9s de diversas entrevistas y escenas abordan aspectos poco conocidos de la obra, sus actores y las costumbres sociales de la Xalapa de anta\u00f1o.<\/p>\n\n\n\n<p>Asistieron la regidora Mar\u00eda Guadalupe M\u00e1rquez Leonardo, el regidor Carlos Rugerio Mart\u00ednez, la directora de Cultura, Karla Montano Rocher, as\u00ed como integrantes de la Orteuv.<\/p>\n","protected":false},"excerpt":{"rendered":"<p>Xalapa, Ver.- Por ser un patrimonio cultural de la ciudad y 70 a\u00f1os de trayectoria, el presidente municipal Ricardo Ahued Bardahuil entreg\u00f3 un reconocimiento a la Compa\u00f1\u00eda Titular de Teatro de la Universidad Veracruzana y la Orteuv, en el marco de la proyecci\u00f3n de \u201cLa Virgen Loca, lado b\u201d. El Edil destac\u00f3 este trabajo documental [&hellip;]<\/p>\n","protected":false},"author":2476,"featured_media":48006,"comment_status":"open","ping_status":"open","sticky":false,"template":"","format":"standard","meta":{"_jetpack_memberships_contains_paid_content":false,"footnotes":""},"categories":[3],"tags":[],"class_list":["post-48005","post","type-post","status-publish","format-standard","has-post-thumbnail","hentry","category-xalapa"],"jetpack_featured_media_url":"https:\/\/encuentroinformativo.com.mx\/wp-content\/uploads\/2023\/11\/IMG-20231127-WA01812-scaled.jpg","jetpack_sharing_enabled":true,"jetpack_likes_enabled":true,"amp_enabled":true,"_links":{"self":[{"href":"https:\/\/encuentroinformativo.com.mx\/index.php?rest_route=\/wp\/v2\/posts\/48005","targetHints":{"allow":["GET"]}}],"collection":[{"href":"https:\/\/encuentroinformativo.com.mx\/index.php?rest_route=\/wp\/v2\/posts"}],"about":[{"href":"https:\/\/encuentroinformativo.com.mx\/index.php?rest_route=\/wp\/v2\/types\/post"}],"author":[{"embeddable":true,"href":"https:\/\/encuentroinformativo.com.mx\/index.php?rest_route=\/wp\/v2\/users\/2476"}],"replies":[{"embeddable":true,"href":"https:\/\/encuentroinformativo.com.mx\/index.php?rest_route=%2Fwp%2Fv2%2Fcomments&post=48005"}],"version-history":[{"count":1,"href":"https:\/\/encuentroinformativo.com.mx\/index.php?rest_route=\/wp\/v2\/posts\/48005\/revisions"}],"predecessor-version":[{"id":48007,"href":"https:\/\/encuentroinformativo.com.mx\/index.php?rest_route=\/wp\/v2\/posts\/48005\/revisions\/48007"}],"wp:featuredmedia":[{"embeddable":true,"href":"https:\/\/encuentroinformativo.com.mx\/index.php?rest_route=\/wp\/v2\/media\/48006"}],"wp:attachment":[{"href":"https:\/\/encuentroinformativo.com.mx\/index.php?rest_route=%2Fwp%2Fv2%2Fmedia&parent=48005"}],"wp:term":[{"taxonomy":"category","embeddable":true,"href":"https:\/\/encuentroinformativo.com.mx\/index.php?rest_route=%2Fwp%2Fv2%2Fcategories&post=48005"},{"taxonomy":"post_tag","embeddable":true,"href":"https:\/\/encuentroinformativo.com.mx\/index.php?rest_route=%2Fwp%2Fv2%2Ftags&post=48005"}],"curies":[{"name":"wp","href":"https:\/\/api.w.org\/{rel}","templated":true}]}}