{"id":48023,"date":"2023-11-28T11:13:26","date_gmt":"2023-11-28T17:13:26","guid":{"rendered":"https:\/\/encuentroinformativo.com.mx\/?p=48023"},"modified":"2023-11-28T11:13:31","modified_gmt":"2023-11-28T17:13:31","slug":"solicitan-vecinos-regularizar-predios-en-el-moral","status":"publish","type":"post","link":"https:\/\/encuentroinformativo.com.mx\/?p=48023","title":{"rendered":"Solicitan vecinos regularizar predios en El Moral"},"content":{"rendered":"\n<p><strong>Dar\u00edo Pale <\/strong><\/p>\n\n\n\n<p>Xalapa, Ver.- La se\u00f1ora Bertha Hern\u00e1ndez Hern\u00e1ndez presidenta de la organizaci\u00f3n &#8220;Construyendo tu Futuro&#8221;, dio a conocer que est\u00e1n solicitando al alcalde de Xalapa Ricardo Ahued Bardahuil que regularice el predio &#8220;El Moral&#8221;.<\/p>\n\n\n\n<p>En entrevista se\u00f1al\u00f3 que en dicho predio tiene un propietario que es el se\u00f1or Rafael Murrieta Gonz\u00e1lez quien realiz\u00f3 un compromiso con la asociaci\u00f3n y se estableci\u00f3 un convenio de compra y venta y los posesionarios est\u00e1n pagando sus terrenos.<\/p>\n\n\n\n<p>Coment\u00f3 que ya tienen cinco a\u00f1os con el conflicto ya que est\u00e1n solicitando la regularizaci\u00f3n y el alcalde les solicit\u00f3 factibilidades conforme a la ley y ya las tienen todas solo esperan una fecha para continuar con la regularizaci\u00f3n ya que siempre los ha atendido de la mejor manera.<\/p>\n\n\n\n<p>El predio El Moral se ubica entre la Colonia M\u00e9xico, Lomas de Sede\u00f1o y La Colonia El Moral, dio a conocer que son 719 terrenos los que est\u00e1n solicitando que se regularicen.<\/p>\n\n\n\n<p>Aclar\u00f3 que &#8220;no es una manifestaci\u00f3n nos concentraron aqu\u00ed para ir a visitar al alcalde no es una manifestaci\u00f3n&#8221;.<\/p>\n\n\n\n<p>Finalmente se\u00f1al\u00f3 que el presidente municipal los ha recibido siempre con muchos respeto y le da seguimiento al cambio de uso de suelo y la regularizaci\u00f3n, ya que los habitantes de ese lugar ya quieren pagar su luz y el agua ya q je todos esos servicios se los est\u00e1n robando, por lo que quieren regularizar para pagar los servicios.<\/p>\n","protected":false},"excerpt":{"rendered":"<p>Dar\u00edo Pale Xalapa, Ver.- La se\u00f1ora Bertha Hern\u00e1ndez Hern\u00e1ndez presidenta de la organizaci\u00f3n &#8220;Construyendo tu Futuro&#8221;, dio a conocer que est\u00e1n solicitando al alcalde de Xalapa Ricardo Ahued Bardahuil que regularice el predio &#8220;El Moral&#8221;. En entrevista se\u00f1al\u00f3 que en dicho predio tiene un propietario que es el se\u00f1or Rafael Murrieta Gonz\u00e1lez quien realiz\u00f3 un [&hellip;]<\/p>\n","protected":false},"author":2476,"featured_media":48024,"comment_status":"open","ping_status":"open","sticky":false,"template":"","format":"standard","meta":{"_jetpack_memberships_contains_paid_content":false,"footnotes":""},"categories":[3],"tags":[],"class_list":["post-48023","post","type-post","status-publish","format-standard","has-post-thumbnail","hentry","category-xalapa"],"jetpack_featured_media_url":"https:\/\/encuentroinformativo.com.mx\/wp-content\/uploads\/2023\/11\/IMG-20231128-WA0026.jpg","jetpack_sharing_enabled":true,"jetpack_likes_enabled":true,"amp_enabled":true,"_links":{"self":[{"href":"https:\/\/encuentroinformativo.com.mx\/index.php?rest_route=\/wp\/v2\/posts\/48023","targetHints":{"allow":["GET"]}}],"collection":[{"href":"https:\/\/encuentroinformativo.com.mx\/index.php?rest_route=\/wp\/v2\/posts"}],"about":[{"href":"https:\/\/encuentroinformativo.com.mx\/index.php?rest_route=\/wp\/v2\/types\/post"}],"author":[{"embeddable":true,"href":"https:\/\/encuentroinformativo.com.mx\/index.php?rest_route=\/wp\/v2\/users\/2476"}],"replies":[{"embeddable":true,"href":"https:\/\/encuentroinformativo.com.mx\/index.php?rest_route=%2Fwp%2Fv2%2Fcomments&post=48023"}],"version-history":[{"count":1,"href":"https:\/\/encuentroinformativo.com.mx\/index.php?rest_route=\/wp\/v2\/posts\/48023\/revisions"}],"predecessor-version":[{"id":48025,"href":"https:\/\/encuentroinformativo.com.mx\/index.php?rest_route=\/wp\/v2\/posts\/48023\/revisions\/48025"}],"wp:featuredmedia":[{"embeddable":true,"href":"https:\/\/encuentroinformativo.com.mx\/index.php?rest_route=\/wp\/v2\/media\/48024"}],"wp:attachment":[{"href":"https:\/\/encuentroinformativo.com.mx\/index.php?rest_route=%2Fwp%2Fv2%2Fmedia&parent=48023"}],"wp:term":[{"taxonomy":"category","embeddable":true,"href":"https:\/\/encuentroinformativo.com.mx\/index.php?rest_route=%2Fwp%2Fv2%2Fcategories&post=48023"},{"taxonomy":"post_tag","embeddable":true,"href":"https:\/\/encuentroinformativo.com.mx\/index.php?rest_route=%2Fwp%2Fv2%2Ftags&post=48023"}],"curies":[{"name":"wp","href":"https:\/\/api.w.org\/{rel}","templated":true}]}}