{"id":48029,"date":"2023-11-28T11:49:40","date_gmt":"2023-11-28T17:49:40","guid":{"rendered":"https:\/\/encuentroinformativo.com.mx\/?p=48029"},"modified":"2023-11-28T11:49:45","modified_gmt":"2023-11-28T17:49:45","slug":"aumenta-demanda-para-zonas-residenciales-ampi-veracruz","status":"publish","type":"post","link":"https:\/\/encuentroinformativo.com.mx\/?p=48029","title":{"rendered":"Aumenta demanda para zonas residenciales: AMPI Veracruz"},"content":{"rendered":"\n<p><strong>Alejandro \u00c1vila<\/strong><\/p>\n\n\n\n<p>Boca del R\u00edo, Ver.- Sergio Lavalle Garc\u00e9s, presidente de la Asociaci\u00f3n Mexicana de Profesionales Inmobiliarios (AMPI) en Veracruz, reconoci\u00f3 que la demanda por adquirir una vivienda de inter\u00e9s social ha disminuido debido a su incremento, el cual ha llegado incluso hasta un 15 por ciento; ir\u00f3nicamente, han aumentado las ofertas en la zonas residenciales.<\/p>\n\n\n\n<p>Mencion\u00f3 que el municipio de Boca del R\u00edo ha quedado ya obsoleto para la construcci\u00f3n de zonas residenciales debido a su limitaci\u00f3n en cu\u00e1nto demarcaci\u00f3n territorial, por lo que se encuentran buscando otros sitios para poder construir este tipo de complejos habitacionales.<\/p>\n\n\n\n<p>\u201cEl sector residencial medio, residencial alto sigue teniendo muy crecimiento y estamos cerrando bien el a\u00f1o. Veracruz sigue creciendo sobre todo en la zona de Boca del R\u00edo, la gran cantidad zona torres y departamentos y en la zona de la Riviera y Paso del Macho, se est\u00e1n presentando nuevos desarrollos\u201d, indic\u00f3.<\/p>\n\n\n\n<p>En el marco de la presentaci\u00f3n de los 30 a\u00f1os de la creaci\u00f3n de AMPI en Veracruz, record\u00f3 que debido al precios de los materiales de construcci\u00f3n para las viviendas de inter\u00e9s social de hasta un 25 por ciento ha impacto la demanda, a\u00fan cuando los desarrolladores est\u00e1n absorbiendo parte de los insumos.<\/p>\n\n\n\n<p>A\u00fan as\u00ed, consider\u00f3 que los costos se sale de los par\u00e1metros de las l\u00edneas de cr\u00e9ditos.<\/p>\n\n\n\n<p>\u201cSe ha visto afectado ese gremio despu\u00e9s de la pandemia porque toda la cadena de suministros hizo que se detuviera mucha producci\u00f3n y subieron muchos los costos, los empleos se perdieron o la capacidad econ\u00f3mica de la gente ya no les est\u00e1 dando para un cr\u00e9dito de inter\u00e9s social\u201d.<\/p>\n\n\n\n<p>El pr\u00f3ximo 30 de noviembre la Asociaci\u00f3n Mexicana de Profesionales Inmobiliarios realizar\u00e1n la conmemoraci\u00f3n de la creaci\u00f3n de AMPI y se realizar\u00e1 un Foro de Inmobiliarios en donde se dar\u00e1n conferencias para mejorar el ejercicio de la profesi\u00f3n.<\/p>\n\n\n\n<p>En las pl\u00e1sticas estar\u00e1n presente ex presidentes de AMPI a nivel estatal y tambi\u00e9n expertos en el sector a nivel nacional.<\/p>\n","protected":false},"excerpt":{"rendered":"<p>Alejandro \u00c1vila Boca del R\u00edo, Ver.- Sergio Lavalle Garc\u00e9s, presidente de la Asociaci\u00f3n Mexicana de Profesionales Inmobiliarios (AMPI) en Veracruz, reconoci\u00f3 que la demanda por adquirir una vivienda de inter\u00e9s social ha disminuido debido a su incremento, el cual ha llegado incluso hasta un 15 por ciento; ir\u00f3nicamente, han aumentado las ofertas en la zonas [&hellip;]<\/p>\n","protected":false},"author":2476,"featured_media":48030,"comment_status":"open","ping_status":"open","sticky":false,"template":"","format":"standard","meta":{"_jetpack_memberships_contains_paid_content":false,"footnotes":""},"categories":[2],"tags":[],"class_list":["post-48029","post","type-post","status-publish","format-standard","has-post-thumbnail","hentry","category-estado"],"jetpack_featured_media_url":"https:\/\/encuentroinformativo.com.mx\/wp-content\/uploads\/2023\/11\/IMG-20231128-WA0034.jpg","jetpack_sharing_enabled":true,"jetpack_likes_enabled":true,"amp_enabled":true,"_links":{"self":[{"href":"https:\/\/encuentroinformativo.com.mx\/index.php?rest_route=\/wp\/v2\/posts\/48029","targetHints":{"allow":["GET"]}}],"collection":[{"href":"https:\/\/encuentroinformativo.com.mx\/index.php?rest_route=\/wp\/v2\/posts"}],"about":[{"href":"https:\/\/encuentroinformativo.com.mx\/index.php?rest_route=\/wp\/v2\/types\/post"}],"author":[{"embeddable":true,"href":"https:\/\/encuentroinformativo.com.mx\/index.php?rest_route=\/wp\/v2\/users\/2476"}],"replies":[{"embeddable":true,"href":"https:\/\/encuentroinformativo.com.mx\/index.php?rest_route=%2Fwp%2Fv2%2Fcomments&post=48029"}],"version-history":[{"count":1,"href":"https:\/\/encuentroinformativo.com.mx\/index.php?rest_route=\/wp\/v2\/posts\/48029\/revisions"}],"predecessor-version":[{"id":48031,"href":"https:\/\/encuentroinformativo.com.mx\/index.php?rest_route=\/wp\/v2\/posts\/48029\/revisions\/48031"}],"wp:featuredmedia":[{"embeddable":true,"href":"https:\/\/encuentroinformativo.com.mx\/index.php?rest_route=\/wp\/v2\/media\/48030"}],"wp:attachment":[{"href":"https:\/\/encuentroinformativo.com.mx\/index.php?rest_route=%2Fwp%2Fv2%2Fmedia&parent=48029"}],"wp:term":[{"taxonomy":"category","embeddable":true,"href":"https:\/\/encuentroinformativo.com.mx\/index.php?rest_route=%2Fwp%2Fv2%2Fcategories&post=48029"},{"taxonomy":"post_tag","embeddable":true,"href":"https:\/\/encuentroinformativo.com.mx\/index.php?rest_route=%2Fwp%2Fv2%2Ftags&post=48029"}],"curies":[{"name":"wp","href":"https:\/\/api.w.org\/{rel}","templated":true}]}}