{"id":48035,"date":"2023-11-28T13:29:26","date_gmt":"2023-11-28T19:29:26","guid":{"rendered":"https:\/\/encuentroinformativo.com.mx\/?p=48035"},"modified":"2023-11-28T13:29:29","modified_gmt":"2023-11-28T19:29:29","slug":"mantienen-sindicalizados-protestas-en-la-sev","status":"publish","type":"post","link":"https:\/\/encuentroinformativo.com.mx\/?p=48035","title":{"rendered":"Mantienen sindicalizados protestas en la SEV"},"content":{"rendered":"\n<p><strong>Juan Arcos <\/strong><\/p>\n\n\n\n<p>Xalapa, Ver.- Por segundo d\u00eda consecutivo, docentes sindicalizados tomaron las oficinas centrales de la Secretar\u00eda de Educaci\u00f3n de Veracruz (SEV), en la ciudad de Xalapa, para denunciar que hay entre 400 y 500 tr\u00e1mites pendientes.<\/p>\n\n\n\n<p>Se trata de integrantes de la Uni\u00f3n de Sindicatos Magisteriales del Estado de Veracruz (USMEV) quienes obstruyeron los accesos a la dependencia estatal, ubicada sobre la carretera Xalapa-Veracruz.<\/p>\n\n\n\n<p>Iniciaron la manifestaci\u00f3n en lunes 27 de noviembre, algunos de ellos pernoctaron en la v\u00eda p\u00fablica y amagaron con mantener la toma de instalaciones de forma indefinida, hasta que sean atendidas sus demandas.<\/p>\n\n\n\n<p>El secretario general de Sindicato Independiente de Regeneraci\u00f3n Magisterial (SIRMA), Tonatiuh Paredes Rangel, denunci\u00f3 que no han recibido una respuesta favorable por parte de las autoridades educativas.<\/p>\n\n\n\n<p>Hay temas pendientes desde hace a\u00f1o y medio, como cambios de adscripci\u00f3n y el pago de los seguros institucionales a las familias de los jubilados que han fallecido.<\/p>\n\n\n\n<p>Cabe recordar que los quejosos colocaron carpas afuera de las oficinas centrales de la SEV, para permanecer el tiempo necesario hasta que sean atendidas sus demandas.<\/p>\n\n\n\n<p>Tambi\u00e9n se sumaron a la protesta agremiados del Gremio Nacional de Trabajadores de la Educaci\u00f3n (GNTE), Sindicato Aut\u00e9ntico de Trabajadores de Telebachillerato y de la Educaci\u00f3n de Veracruz (Satebaev) y Alternativa Sindical de Trabajadores de la Educaci\u00f3n (Astev).<\/p>\n","protected":false},"excerpt":{"rendered":"<p>Juan Arcos Xalapa, Ver.- Por segundo d\u00eda consecutivo, docentes sindicalizados tomaron las oficinas centrales de la Secretar\u00eda de Educaci\u00f3n de Veracruz (SEV), en la ciudad de Xalapa, para denunciar que hay entre 400 y 500 tr\u00e1mites pendientes. Se trata de integrantes de la Uni\u00f3n de Sindicatos Magisteriales del Estado de Veracruz (USMEV) quienes obstruyeron los [&hellip;]<\/p>\n","protected":false},"author":2476,"featured_media":48036,"comment_status":"open","ping_status":"open","sticky":false,"template":"","format":"standard","meta":{"_jetpack_memberships_contains_paid_content":false,"footnotes":""},"categories":[3],"tags":[],"class_list":["post-48035","post","type-post","status-publish","format-standard","has-post-thumbnail","hentry","category-xalapa"],"jetpack_featured_media_url":"https:\/\/encuentroinformativo.com.mx\/wp-content\/uploads\/2023\/11\/8f86cba9-799e-48ba-b622-516feee972be.jpg","jetpack_sharing_enabled":true,"jetpack_likes_enabled":true,"amp_enabled":true,"_links":{"self":[{"href":"https:\/\/encuentroinformativo.com.mx\/index.php?rest_route=\/wp\/v2\/posts\/48035","targetHints":{"allow":["GET"]}}],"collection":[{"href":"https:\/\/encuentroinformativo.com.mx\/index.php?rest_route=\/wp\/v2\/posts"}],"about":[{"href":"https:\/\/encuentroinformativo.com.mx\/index.php?rest_route=\/wp\/v2\/types\/post"}],"author":[{"embeddable":true,"href":"https:\/\/encuentroinformativo.com.mx\/index.php?rest_route=\/wp\/v2\/users\/2476"}],"replies":[{"embeddable":true,"href":"https:\/\/encuentroinformativo.com.mx\/index.php?rest_route=%2Fwp%2Fv2%2Fcomments&post=48035"}],"version-history":[{"count":1,"href":"https:\/\/encuentroinformativo.com.mx\/index.php?rest_route=\/wp\/v2\/posts\/48035\/revisions"}],"predecessor-version":[{"id":48037,"href":"https:\/\/encuentroinformativo.com.mx\/index.php?rest_route=\/wp\/v2\/posts\/48035\/revisions\/48037"}],"wp:featuredmedia":[{"embeddable":true,"href":"https:\/\/encuentroinformativo.com.mx\/index.php?rest_route=\/wp\/v2\/media\/48036"}],"wp:attachment":[{"href":"https:\/\/encuentroinformativo.com.mx\/index.php?rest_route=%2Fwp%2Fv2%2Fmedia&parent=48035"}],"wp:term":[{"taxonomy":"category","embeddable":true,"href":"https:\/\/encuentroinformativo.com.mx\/index.php?rest_route=%2Fwp%2Fv2%2Fcategories&post=48035"},{"taxonomy":"post_tag","embeddable":true,"href":"https:\/\/encuentroinformativo.com.mx\/index.php?rest_route=%2Fwp%2Fv2%2Ftags&post=48035"}],"curies":[{"name":"wp","href":"https:\/\/api.w.org\/{rel}","templated":true}]}}