{"id":48038,"date":"2023-11-28T14:13:56","date_gmt":"2023-11-28T20:13:56","guid":{"rendered":"https:\/\/encuentroinformativo.com.mx\/?p=48038"},"modified":"2023-11-28T14:14:01","modified_gmt":"2023-11-28T20:14:01","slug":"piden-mayor-inclusion-para-personas-con-discapacidad","status":"publish","type":"post","link":"https:\/\/encuentroinformativo.com.mx\/?p=48038","title":{"rendered":"Piden mayor inclusi\u00f3n para personas con discapacidad"},"content":{"rendered":"\n<p><strong>Dar\u00edo Pale<\/strong><\/p>\n\n\n\n<p>Xalapa, Ver.- En el municipio de Xalapa no se cuenta con infraestructura para personas con discapacidad, ademas de que en el estado de Veracruz hay alrededor de un mill\u00f3n y medio de personas con alguna discapacidad, as\u00ed lo dieron a conocer Ana Paola Morgado Luna y Jos\u00e9 Acosta del Movimiento de Personas con Discapacidad.\u00a0<\/p>\n\n\n\n<p>En conferencia de prensa se\u00f1alaron que en el estado de Veracruz existen alrededor de un mill\u00f3n y medio de personas con discapacidad, en Xalapa, las personas en silla de ruedas se enfrentan a la falta de rampas en las calles, no hay cajones de estacionamiento, no hay elevadores acondicionados, entre otras cosas.\u00a0<\/p>\n\n\n\n<p>En el caso de quienes tienen discapacidad visual no hay se\u00f1al\u00e9tica apropiada, los sem\u00e1foros no tienen la adecuaci\u00f3n para tener sonido, etc\u00e9tera.\u00a0<br>Tambi\u00e9n falta infraestructura vial, as\u00ed como transporte p\u00fablico acondicionado, adem\u00e1s de que se genere conciencia.\u00a0<\/p>\n\n\n\n<p>Al indicar que el 3 de diciembre se conmemora el D\u00eda Internacional de las Personas con Discapacidad se busca hacer actividades que ayuden a visibilizar la desigualdad sistem\u00e1tica.\u00a0<\/p>\n\n\n\n<p>Asimismo, comentaron que el objetivo es que haya inclusi\u00f3n en la sociedad, pues quieren y merecen una vida digna.<\/p>\n\n\n\n<p>De \u00a0manera que se har\u00e1 una marcha este 2 de diciembre en la explanada del Teatro del Estado a las 10 de la ma\u00f1ana y concluir\u00e1 en el Parque Ju\u00e1rez a las 11:30. Adem\u00e1s habr\u00e1 una feria de la inclusi\u00f3n para seguir visibilizando.\u00a0<\/p>\n\n\n\n<p>Ah\u00ed habr\u00e1 actividades art\u00edsticas y se presentar\u00e1n diferentes asociaciones para exponer sus objetivos y retos a los que se enfrentan.\u00a0<\/p>\n\n\n\n<p>Por \u00faltimo, reiteraron que hace falta la cultura de la inclusi\u00f3n y que el sector no siga invisibilizado.<\/p>\n","protected":false},"excerpt":{"rendered":"<p>Dar\u00edo Pale Xalapa, Ver.- En el municipio de Xalapa no se cuenta con infraestructura para personas con discapacidad, ademas de que en el estado de Veracruz hay alrededor de un mill\u00f3n y medio de personas con alguna discapacidad, as\u00ed lo dieron a conocer Ana Paola Morgado Luna y Jos\u00e9 Acosta del Movimiento de Personas con [&hellip;]<\/p>\n","protected":false},"author":2476,"featured_media":48039,"comment_status":"open","ping_status":"open","sticky":false,"template":"","format":"standard","meta":{"_jetpack_memberships_contains_paid_content":false,"footnotes":""},"categories":[3],"tags":[],"class_list":["post-48038","post","type-post","status-publish","format-standard","has-post-thumbnail","hentry","category-xalapa"],"jetpack_featured_media_url":"https:\/\/encuentroinformativo.com.mx\/wp-content\/uploads\/2023\/11\/IMG-20231128-WA0043.jpg","jetpack_sharing_enabled":true,"jetpack_likes_enabled":true,"amp_enabled":true,"_links":{"self":[{"href":"https:\/\/encuentroinformativo.com.mx\/index.php?rest_route=\/wp\/v2\/posts\/48038","targetHints":{"allow":["GET"]}}],"collection":[{"href":"https:\/\/encuentroinformativo.com.mx\/index.php?rest_route=\/wp\/v2\/posts"}],"about":[{"href":"https:\/\/encuentroinformativo.com.mx\/index.php?rest_route=\/wp\/v2\/types\/post"}],"author":[{"embeddable":true,"href":"https:\/\/encuentroinformativo.com.mx\/index.php?rest_route=\/wp\/v2\/users\/2476"}],"replies":[{"embeddable":true,"href":"https:\/\/encuentroinformativo.com.mx\/index.php?rest_route=%2Fwp%2Fv2%2Fcomments&post=48038"}],"version-history":[{"count":1,"href":"https:\/\/encuentroinformativo.com.mx\/index.php?rest_route=\/wp\/v2\/posts\/48038\/revisions"}],"predecessor-version":[{"id":48040,"href":"https:\/\/encuentroinformativo.com.mx\/index.php?rest_route=\/wp\/v2\/posts\/48038\/revisions\/48040"}],"wp:featuredmedia":[{"embeddable":true,"href":"https:\/\/encuentroinformativo.com.mx\/index.php?rest_route=\/wp\/v2\/media\/48039"}],"wp:attachment":[{"href":"https:\/\/encuentroinformativo.com.mx\/index.php?rest_route=%2Fwp%2Fv2%2Fmedia&parent=48038"}],"wp:term":[{"taxonomy":"category","embeddable":true,"href":"https:\/\/encuentroinformativo.com.mx\/index.php?rest_route=%2Fwp%2Fv2%2Fcategories&post=48038"},{"taxonomy":"post_tag","embeddable":true,"href":"https:\/\/encuentroinformativo.com.mx\/index.php?rest_route=%2Fwp%2Fv2%2Ftags&post=48038"}],"curies":[{"name":"wp","href":"https:\/\/api.w.org\/{rel}","templated":true}]}}