{"id":4804,"date":"2020-08-10T16:31:57","date_gmt":"2020-08-10T21:31:57","guid":{"rendered":"https:\/\/encuentroinformativo.com\/?p=4804"},"modified":"2020-08-10T16:31:59","modified_gmt":"2020-08-10T21:31:59","slug":"secretario-de-educacion-positivo-a-covid","status":"publish","type":"post","link":"https:\/\/encuentroinformativo.com.mx\/?p=4804","title":{"rendered":"Secretario de educaci\u00f3n positivo a Covid"},"content":{"rendered":"\n<p><strong>Redacci\u00f3n<\/strong>\u00a0<\/p>\n\n\n\n<p>Xalapa, Ver.- Zenyazen Escobar Garc\u00eda titular de la Secretar\u00eda de Educaci\u00f3n de Veracruz (SEV), inform\u00f3 a trav\u00e9s de redes sociales que dio positivo a Covid-19.<\/p>\n\n\n\n<p>Motivo por el cual se\u00f1al\u00f3 que mantendr\u00e1 los cuidados necesarios desde su casa para mantener los protocolos requeridos manteni\u00e9ndose a distancia de las actividades.&nbsp;<\/p>\n\n\n\n<p>\u201cPermanecer\u00e9 trabajando a distancia, al haber resultado positivo a Covid-19. Mi salud es estable y seguir\u00e9 los protocolos en mi caso de forma ambulatoria, es decir, desde casa hasta recuperarme\u201d.<\/p>\n\n\n\n<p>Estar\u00e9 pendiente y respondiendo a las actividades educativas a distancia, para el regreso a clases, puntualiz\u00f3.<\/p>\n\n\n\n<p>La confirmaci\u00f3n del funcionario estatal se presenta en la v\u00edspera del retorno a clases. <\/p>\n","protected":false},"excerpt":{"rendered":"<p>Redacci\u00f3n\u00a0 Xalapa, Ver.- Zenyazen Escobar Garc\u00eda titular de la Secretar\u00eda de Educaci\u00f3n de Veracruz (SEV), inform\u00f3 a trav\u00e9s de redes sociales que dio positivo a Covid-19. Motivo por el cual se\u00f1al\u00f3 que mantendr\u00e1 los cuidados necesarios desde su casa para mantener los protocolos requeridos manteni\u00e9ndose a distancia de las actividades.&nbsp; \u201cPermanecer\u00e9 trabajando a distancia, al [&hellip;]<\/p>\n","protected":false},"author":1,"featured_media":4805,"comment_status":"open","ping_status":"open","sticky":false,"template":"","format":"standard","meta":{"_jetpack_memberships_contains_paid_content":false,"footnotes":""},"categories":[2],"tags":[],"class_list":["post-4804","post","type-post","status-publish","format-standard","has-post-thumbnail","hentry","category-estado"],"jetpack_featured_media_url":"https:\/\/encuentroinformativo.com.mx\/wp-content\/uploads\/2020\/08\/0B188E9B-F080-4911-A9C3-3B5B89424C42.jpeg","jetpack_sharing_enabled":true,"jetpack_likes_enabled":true,"amp_enabled":true,"_links":{"self":[{"href":"https:\/\/encuentroinformativo.com.mx\/index.php?rest_route=\/wp\/v2\/posts\/4804","targetHints":{"allow":["GET"]}}],"collection":[{"href":"https:\/\/encuentroinformativo.com.mx\/index.php?rest_route=\/wp\/v2\/posts"}],"about":[{"href":"https:\/\/encuentroinformativo.com.mx\/index.php?rest_route=\/wp\/v2\/types\/post"}],"author":[{"embeddable":true,"href":"https:\/\/encuentroinformativo.com.mx\/index.php?rest_route=\/wp\/v2\/users\/1"}],"replies":[{"embeddable":true,"href":"https:\/\/encuentroinformativo.com.mx\/index.php?rest_route=%2Fwp%2Fv2%2Fcomments&post=4804"}],"version-history":[{"count":1,"href":"https:\/\/encuentroinformativo.com.mx\/index.php?rest_route=\/wp\/v2\/posts\/4804\/revisions"}],"predecessor-version":[{"id":4806,"href":"https:\/\/encuentroinformativo.com.mx\/index.php?rest_route=\/wp\/v2\/posts\/4804\/revisions\/4806"}],"wp:featuredmedia":[{"embeddable":true,"href":"https:\/\/encuentroinformativo.com.mx\/index.php?rest_route=\/wp\/v2\/media\/4805"}],"wp:attachment":[{"href":"https:\/\/encuentroinformativo.com.mx\/index.php?rest_route=%2Fwp%2Fv2%2Fmedia&parent=4804"}],"wp:term":[{"taxonomy":"category","embeddable":true,"href":"https:\/\/encuentroinformativo.com.mx\/index.php?rest_route=%2Fwp%2Fv2%2Fcategories&post=4804"},{"taxonomy":"post_tag","embeddable":true,"href":"https:\/\/encuentroinformativo.com.mx\/index.php?rest_route=%2Fwp%2Fv2%2Ftags&post=4804"}],"curies":[{"name":"wp","href":"https:\/\/api.w.org\/{rel}","templated":true}]}}