{"id":48041,"date":"2023-11-28T16:22:50","date_gmt":"2023-11-28T22:22:50","guid":{"rendered":"https:\/\/encuentroinformativo.com.mx\/?p=48041"},"modified":"2023-11-28T16:22:57","modified_gmt":"2023-11-28T22:22:57","slug":"dictan-formal-prision-a-presunto-homicida-de-gregorio-jimenez","status":"publish","type":"post","link":"https:\/\/encuentroinformativo.com.mx\/?p=48041","title":{"rendered":"Dictan formal prisi\u00f3n a presunto homicida de Gregorio Jim\u00e9nez"},"content":{"rendered":"\n<p><strong>Juan Arcos <\/strong><\/p>\n\n\n\n<p>Xalapa, Ver.- Un juez federal dict\u00f3 auto de formal prisi\u00f3n contra Jos\u00e9 Luis \u201cC\u201d por su probable responsabilidad en los delitos de secuestro agravado y homicidio del periodista Gregorio Jim\u00e9nez de la Cruz en la zona sur del estado de Veracruz.<\/p>\n\n\n\n<p>La Fiscal\u00eda General de la Rep\u00fablica (FGR) dio a conocer que esta situaci\u00f3n se logr\u00f3 a trav\u00e9s de la Fiscal\u00eda Especial para la Atenci\u00f3n de Delitos cometidos contra la Libertad de Expresi\u00f3n (FEADLE) y de la Fiscal\u00eda Especializada en materia de Derechos Humanos (FEMDH) y, por ello, dicho individuo permanecer\u00e1 en prisi\u00f3n preventiva durante el tr\u00e1mite del proceso penal abierto en su contra.<\/p>\n\n\n\n<p>Los hechos que ocurrieron en febrero de 2014, cuando el periodista de la fuente policiaca en los medios Notisur y Liberal del Sur fue privado de su libertad al ser sacado de su domicilio particular en Coatzacoalcos, Veracruz y d\u00edas despu\u00e9s localizado sin vida.\u00a0<\/p>\n\n\n\n<p>Elementos de la Agencia de Investigaci\u00f3n Criminal (AIC), adscritos a la Fiscal\u00eda General de la Rep\u00fablica, cumplimentaron una orden de aprehensi\u00f3n en su contra, en Nuevo Laredo, estado de Tamaulipas.<\/p>\n\n\n\n<p>El Juez de Distrito en Materia Penal con residencia en Coatzacoalcos dict\u00f3 auto de formal prisi\u00f3n por su presunta participaci\u00f3n como coautor material en los delitos referidos.<\/p>\n\n\n\n<p>La FGR ejerci\u00f3 la facultad de atracci\u00f3n a la que se refiere el art\u00edculo 21 del C\u00f3digo Nacional de Procedimientos Penales, ya que existen elementos de prueba suficientes para afirmar la existencia de un v\u00ednculo entre el delito y el trabajo period\u00edstico de la v\u00edctima.<\/p>\n\n\n\n<p>Cabe recordar que \u201cGoyo\u201d Jim\u00e9nez fue secuestrado y asesinado durante el gobierno priista de Javier Duarte de Ochoa. A m\u00e1s de nueve a\u00f1os del crimen, el pasado 5 de agosto, la FGR inform\u00f3 la captura de Josu\u00e9 \u201cC\u201d por su presunta participaci\u00f3n en el asesinato del periodista.<\/p>\n\n\n\n<p>\u201cGoyo\u201d, como lo llamaban sus amigos, desapareci\u00f3 el 5 de febrero de 2014 y su cuerpo fue encontrado el 12 de febrero del mismo a\u00f1o. La FGR sostuvo que \u00e9l fue levantado y despu\u00e9s localizado en una fosa clandestina.<\/p>\n\n\n\n<p>En aquel entonces, reporteros de distintas regiones de Veracruz protestaron y marcharon para exigir su localizaci\u00f3n con vida y d\u00edas despu\u00e9s apareci\u00f3 en un cementerio ilegal junto con otros cuerpos en el municipio de Las Choapas, al sur de Veracruz.<\/p>\n","protected":false},"excerpt":{"rendered":"<p>Juan Arcos Xalapa, Ver.- Un juez federal dict\u00f3 auto de formal prisi\u00f3n contra Jos\u00e9 Luis \u201cC\u201d por su probable responsabilidad en los delitos de secuestro agravado y homicidio del periodista Gregorio Jim\u00e9nez de la Cruz en la zona sur del estado de Veracruz. La Fiscal\u00eda General de la Rep\u00fablica (FGR) dio a conocer que esta [&hellip;]<\/p>\n","protected":false},"author":2476,"featured_media":48042,"comment_status":"open","ping_status":"open","sticky":false,"template":"","format":"standard","meta":{"_jetpack_memberships_contains_paid_content":false,"footnotes":""},"categories":[14],"tags":[],"class_list":["post-48041","post","type-post","status-publish","format-standard","has-post-thumbnail","hentry","category-policiaca"],"jetpack_featured_media_url":"https:\/\/encuentroinformativo.com.mx\/wp-content\/uploads\/2023\/11\/IMG_2305.jpg","jetpack_sharing_enabled":true,"jetpack_likes_enabled":true,"amp_enabled":true,"_links":{"self":[{"href":"https:\/\/encuentroinformativo.com.mx\/index.php?rest_route=\/wp\/v2\/posts\/48041","targetHints":{"allow":["GET"]}}],"collection":[{"href":"https:\/\/encuentroinformativo.com.mx\/index.php?rest_route=\/wp\/v2\/posts"}],"about":[{"href":"https:\/\/encuentroinformativo.com.mx\/index.php?rest_route=\/wp\/v2\/types\/post"}],"author":[{"embeddable":true,"href":"https:\/\/encuentroinformativo.com.mx\/index.php?rest_route=\/wp\/v2\/users\/2476"}],"replies":[{"embeddable":true,"href":"https:\/\/encuentroinformativo.com.mx\/index.php?rest_route=%2Fwp%2Fv2%2Fcomments&post=48041"}],"version-history":[{"count":1,"href":"https:\/\/encuentroinformativo.com.mx\/index.php?rest_route=\/wp\/v2\/posts\/48041\/revisions"}],"predecessor-version":[{"id":48043,"href":"https:\/\/encuentroinformativo.com.mx\/index.php?rest_route=\/wp\/v2\/posts\/48041\/revisions\/48043"}],"wp:featuredmedia":[{"embeddable":true,"href":"https:\/\/encuentroinformativo.com.mx\/index.php?rest_route=\/wp\/v2\/media\/48042"}],"wp:attachment":[{"href":"https:\/\/encuentroinformativo.com.mx\/index.php?rest_route=%2Fwp%2Fv2%2Fmedia&parent=48041"}],"wp:term":[{"taxonomy":"category","embeddable":true,"href":"https:\/\/encuentroinformativo.com.mx\/index.php?rest_route=%2Fwp%2Fv2%2Fcategories&post=48041"},{"taxonomy":"post_tag","embeddable":true,"href":"https:\/\/encuentroinformativo.com.mx\/index.php?rest_route=%2Fwp%2Fv2%2Ftags&post=48041"}],"curies":[{"name":"wp","href":"https:\/\/api.w.org\/{rel}","templated":true}]}}