{"id":48044,"date":"2023-11-28T18:51:21","date_gmt":"2023-11-29T00:51:21","guid":{"rendered":"https:\/\/encuentroinformativo.com.mx\/?p=48044"},"modified":"2023-11-28T18:51:26","modified_gmt":"2023-11-29T00:51:26","slug":"boca-del-rio-es-un-ejemplo-en-emprendimiento-empleo-y-nuevas-inversiones-alcalde-jm-unanue","status":"publish","type":"post","link":"https:\/\/encuentroinformativo.com.mx\/?p=48044","title":{"rendered":"Boca del R\u00edo es un ejemplo en emprendimiento, empleo y nuevas inversiones: Alcalde JM Un\u00e1nue"},"content":{"rendered":"\n<p><strong>*<em>Previo a su Segundo Informe de Gobierno, el alcalde destac\u00f3 los logros en materia de econom\u00eda y turismo<\/em>.<\/strong><\/p>\n\n\n\n<p>Boca del R\u00edo, Ver.- Boca del R\u00edo se ha caracterizado por contar con un Gobierno Municipal que trabaja por la reactivaci\u00f3n econ\u00f3mica de todos los sectores, apoyando al emprendedor chico, mediano y grande, as\u00ed como ser facilitador para eventos nacionales e internacionales.<\/p>\n\n\n\n<p>As\u00ed lo reconoci\u00f3 el alcalde Juan Manuel Un\u00e1nue, quien previo a su Segundo Informe de Gobierno destac\u00f3 que \u201cBoca del R\u00edo es ejemplo de emprendimiento y empleo gracias a las nuevas inversiones, as\u00ed como el principal destino tur\u00edstico del sureste mexicano para eventos nacionales e internacionales\u201d.<\/p>\n\n\n\n<p>Coment\u00f3 que si bien el municipio ha mantenido un continuo crecimiento econ\u00f3mico, su compromiso est\u00e1 en seguir generando m\u00e1s oportunidades, prosperidad y futuro para los boque\u00f1os.<\/p>\n\n\n\n<p>Un\u00e1nue Abascal reiter\u00f3 que desde su administraci\u00f3n se ha impulsado la promoci\u00f3n del desarrollo econ\u00f3mico local, logr\u00e1ndose en este 2023 la apertura de 367 nuevos comercios.<\/p>\n\n\n\n<p>Al ser un gobierno de puertas abiertas se facilit\u00f3 la realizaci\u00f3n de m\u00e1s de 70 magno eventos, entre carreras y eventos deportivos de distintas disciplinas, as\u00ed como conciertos, festivales y congresos, logr\u00e1ndose m\u00e1s de 17 mil reservaciones de habitaciones y m\u00e1s de un mill\u00f3n y medio de turistas que arribaron a Boca del R\u00edo.<\/p>\n\n\n\n<p>Por otra parte, mil 200 boque\u00f1os consiguieron trabajo en las Ferias del Empleo organizadas por el Gobierno Municipal, beneficiando tambi\u00e9n a ciudadanos de otras demarcaciones, sum\u00e1ndolos nuevamente a la fuerza laboral y respald\u00e1ndolos en el despliegue de sus capacidades.<\/p>\n\n\n\n<p>El Presidente Municipal resalt\u00f3 dos novedosos programas, los cuales son \u00fanicos en el estado de Veracruz y que fueron puestos en marcha en los primeros a\u00f1os de gesti\u00f3n, \u201cA pedir de Boca\u201d y \u201cHecho en Boca\u201d.<\/p>\n\n\n\n<p>\u201cA pedir de Boca\u201d cumple dos a\u00f1os este 2023, ayudando a mil 200 restauranteros a lograr sus metas y sobre todo, a conservar y crear m\u00e1s empleos.<\/p>\n\n\n\n<p>Otro de los programas es \u201cHecho en Boca\u201d, que en sus primeros seis meses ha favorecido a 200 comerciantes; juntos hacen 185 mil seguidores en Facebook, 305 mil en Tiktok y 15 mil en IG, con m\u00e1s de 200 millones de reproducciones en los \u00faltimos dos a\u00f1os.<\/p>\n\n\n\n<p>Cabe destacar que en el 2022 con los negocios beneficiados se ten\u00eda la suma de 2 mil 500 empleos, mientras que para este a\u00f1o ha subido la cifra a 4 mil fuentes laborales, n\u00fameros que se reflejan tambi\u00e9n en ventas, ya que en cada establecimiento aumentaron hasta en un 30%.<\/p>\n\n\n\n<p>Finalmente, el alcalde Juan Manuel Un\u00e1nue Abascal invit\u00f3 a todos los ciudadanos a presenciar su Segundo Informe de Gobierno el lunes 4 de diciembre a las 18 horas en el World Trade Center de Boca del R\u00edo.<\/p>\n","protected":false},"excerpt":{"rendered":"<p>*Previo a su Segundo Informe de Gobierno, el alcalde destac\u00f3 los logros en materia de econom\u00eda y turismo. Boca del R\u00edo, Ver.- Boca del R\u00edo se ha caracterizado por contar con un Gobierno Municipal que trabaja por la reactivaci\u00f3n econ\u00f3mica de todos los sectores, apoyando al emprendedor chico, mediano y grande, as\u00ed como ser facilitador [&hellip;]<\/p>\n","protected":false},"author":2476,"featured_media":48045,"comment_status":"open","ping_status":"open","sticky":false,"template":"","format":"standard","meta":{"_jetpack_memberships_contains_paid_content":false,"footnotes":""},"categories":[2],"tags":[],"class_list":["post-48044","post","type-post","status-publish","format-standard","has-post-thumbnail","hentry","category-estado"],"jetpack_featured_media_url":"https:\/\/encuentroinformativo.com.mx\/wp-content\/uploads\/2023\/11\/IMG-20231128-WA0117.jpg","jetpack_sharing_enabled":true,"jetpack_likes_enabled":true,"amp_enabled":true,"_links":{"self":[{"href":"https:\/\/encuentroinformativo.com.mx\/index.php?rest_route=\/wp\/v2\/posts\/48044","targetHints":{"allow":["GET"]}}],"collection":[{"href":"https:\/\/encuentroinformativo.com.mx\/index.php?rest_route=\/wp\/v2\/posts"}],"about":[{"href":"https:\/\/encuentroinformativo.com.mx\/index.php?rest_route=\/wp\/v2\/types\/post"}],"author":[{"embeddable":true,"href":"https:\/\/encuentroinformativo.com.mx\/index.php?rest_route=\/wp\/v2\/users\/2476"}],"replies":[{"embeddable":true,"href":"https:\/\/encuentroinformativo.com.mx\/index.php?rest_route=%2Fwp%2Fv2%2Fcomments&post=48044"}],"version-history":[{"count":1,"href":"https:\/\/encuentroinformativo.com.mx\/index.php?rest_route=\/wp\/v2\/posts\/48044\/revisions"}],"predecessor-version":[{"id":48046,"href":"https:\/\/encuentroinformativo.com.mx\/index.php?rest_route=\/wp\/v2\/posts\/48044\/revisions\/48046"}],"wp:featuredmedia":[{"embeddable":true,"href":"https:\/\/encuentroinformativo.com.mx\/index.php?rest_route=\/wp\/v2\/media\/48045"}],"wp:attachment":[{"href":"https:\/\/encuentroinformativo.com.mx\/index.php?rest_route=%2Fwp%2Fv2%2Fmedia&parent=48044"}],"wp:term":[{"taxonomy":"category","embeddable":true,"href":"https:\/\/encuentroinformativo.com.mx\/index.php?rest_route=%2Fwp%2Fv2%2Fcategories&post=48044"},{"taxonomy":"post_tag","embeddable":true,"href":"https:\/\/encuentroinformativo.com.mx\/index.php?rest_route=%2Fwp%2Fv2%2Ftags&post=48044"}],"curies":[{"name":"wp","href":"https:\/\/api.w.org\/{rel}","templated":true}]}}