{"id":48055,"date":"2023-11-29T12:02:00","date_gmt":"2023-11-29T18:02:00","guid":{"rendered":"https:\/\/encuentroinformativo.com.mx\/?p=48055"},"modified":"2023-11-29T12:02:04","modified_gmt":"2023-11-29T18:02:04","slug":"senalan-falta-de-medicos-especialistas-en-torre-pediatrica-de-veracruz","status":"publish","type":"post","link":"https:\/\/encuentroinformativo.com.mx\/?p=48055","title":{"rendered":"Se\u00f1alan falta de m\u00e9dicos especialistas en Torre Pedi\u00e1trica de Veracruz"},"content":{"rendered":"\n<p><strong>Alejandro \u00c1vila<\/strong><\/p>\n\n\n\n<p>Veracruz, Ver.- Al menos dos m\u00e9dicos especialistas son los que hacen falta con urgencia en la Torre Pedi\u00e1trica del Puerto de Veracruz, inform\u00f3 la vocera de las madres de ni\u00f1os con c\u00e1ncer, Cora de Jes\u00fas Rodr\u00edguez.<\/p>\n\n\n\n<p>Si bien esta situaci\u00f3n ha complicado el correcto funcionamiento del Hospital Infantil, la madre de familia dijo que se ha intentado presionar a las autoridades para contar con los m\u00e9dicos de base.<\/p>\n\n\n\n<p>&#8220;No, todav\u00eda no tenemos respuesta, seguimos esperando respuesta como tal para que tengamos al m\u00e9dico que estamos solicitando, que es un neum\u00f3logo pediatra (\u2026) pues s\u00ed hacen varios especialistas faltan, m\u00e1s que nada hace falta un cardi\u00f3logo que no lo tenemos como tal en base, obviamente los traen de fuera, se solicita en las consultas y vienen ellos a dar las interconsultas por fuera&#8221;, expres\u00f3.<\/p>\n\n\n\n<p>El otro tema, secund\u00f3 las palabras de la presidenta de AMANC, Susana Lara; pues adem\u00e1s de se\u00f1alar que hubo poco m\u00e1s de 10 decesos de infantes con c\u00e1ncer en este 2023, esta cifra ha sido inferior a la del a\u00f1o anterior.<\/p>\n\n\n\n<p>&#8220;Bueno, en el tema de medicamentos oncol\u00f3gicos, nosotros al d\u00eda de hoy s\u00ed puedo verificar que s\u00ed ha habido medicamentos. Aclaro, oncol\u00f3gicos, s\u00ed los tenemos al d\u00eda, no hemos tenido ninguna problem\u00e1tica con ese tema. Y s\u00ed, somos un hospital donde se atiende muchos ni\u00f1os de c\u00e1ncer por tener la seguridad de tener los medicamentos con base a la lucha de muchas madres de familia&#8221;, culmin\u00f3.<\/p>\n","protected":false},"excerpt":{"rendered":"<p>Alejandro \u00c1vila Veracruz, Ver.- Al menos dos m\u00e9dicos especialistas son los que hacen falta con urgencia en la Torre Pedi\u00e1trica del Puerto de Veracruz, inform\u00f3 la vocera de las madres de ni\u00f1os con c\u00e1ncer, Cora de Jes\u00fas Rodr\u00edguez. Si bien esta situaci\u00f3n ha complicado el correcto funcionamiento del Hospital Infantil, la madre de familia dijo [&hellip;]<\/p>\n","protected":false},"author":2476,"featured_media":48056,"comment_status":"open","ping_status":"open","sticky":false,"template":"","format":"standard","meta":{"_jetpack_memberships_contains_paid_content":false,"footnotes":""},"categories":[9],"tags":[],"class_list":["post-48055","post","type-post","status-publish","format-standard","has-post-thumbnail","hentry","category-salud"],"jetpack_featured_media_url":"https:\/\/encuentroinformativo.com.mx\/wp-content\/uploads\/2023\/11\/IMG-20231129-WA00102.jpg","jetpack_sharing_enabled":true,"jetpack_likes_enabled":true,"amp_enabled":true,"_links":{"self":[{"href":"https:\/\/encuentroinformativo.com.mx\/index.php?rest_route=\/wp\/v2\/posts\/48055","targetHints":{"allow":["GET"]}}],"collection":[{"href":"https:\/\/encuentroinformativo.com.mx\/index.php?rest_route=\/wp\/v2\/posts"}],"about":[{"href":"https:\/\/encuentroinformativo.com.mx\/index.php?rest_route=\/wp\/v2\/types\/post"}],"author":[{"embeddable":true,"href":"https:\/\/encuentroinformativo.com.mx\/index.php?rest_route=\/wp\/v2\/users\/2476"}],"replies":[{"embeddable":true,"href":"https:\/\/encuentroinformativo.com.mx\/index.php?rest_route=%2Fwp%2Fv2%2Fcomments&post=48055"}],"version-history":[{"count":1,"href":"https:\/\/encuentroinformativo.com.mx\/index.php?rest_route=\/wp\/v2\/posts\/48055\/revisions"}],"predecessor-version":[{"id":48057,"href":"https:\/\/encuentroinformativo.com.mx\/index.php?rest_route=\/wp\/v2\/posts\/48055\/revisions\/48057"}],"wp:featuredmedia":[{"embeddable":true,"href":"https:\/\/encuentroinformativo.com.mx\/index.php?rest_route=\/wp\/v2\/media\/48056"}],"wp:attachment":[{"href":"https:\/\/encuentroinformativo.com.mx\/index.php?rest_route=%2Fwp%2Fv2%2Fmedia&parent=48055"}],"wp:term":[{"taxonomy":"category","embeddable":true,"href":"https:\/\/encuentroinformativo.com.mx\/index.php?rest_route=%2Fwp%2Fv2%2Fcategories&post=48055"},{"taxonomy":"post_tag","embeddable":true,"href":"https:\/\/encuentroinformativo.com.mx\/index.php?rest_route=%2Fwp%2Fv2%2Ftags&post=48055"}],"curies":[{"name":"wp","href":"https:\/\/api.w.org\/{rel}","templated":true}]}}