{"id":48058,"date":"2023-11-29T12:27:04","date_gmt":"2023-11-29T18:27:04","guid":{"rendered":"https:\/\/encuentroinformativo.com.mx\/?p=48058"},"modified":"2023-11-29T12:27:09","modified_gmt":"2023-11-29T18:27:09","slug":"nuevos-nombramientos-de-xochitl-galvez-benefician-a-julen-rementeria","status":"publish","type":"post","link":"https:\/\/encuentroinformativo.com.mx\/?p=48058","title":{"rendered":"Nuevos nombramientos de X\u00f3chitl G\u00e1lvez, benefician a Julen Rementer\u00eda"},"content":{"rendered":"\n<p><strong>Alejandro \u00c1vila<\/strong><\/p>\n\n\n\n<p>Veracruz, Ver.- Los recientes nombramientos que dio la virtual candidata a la presidencia de la rep\u00fablica por la alianza Fuerza y Coraz\u00f3n, X\u00f3chitl G\u00e1lvez Ruiz, benefician y consolidan al veracruzano, Julen Rementer\u00eda del Puerto, como parte cercana de su equipo de trabajo.<\/p>\n\n\n\n<p>Cabe recordar que esta semana, la hidalguense integr\u00f3 a la panista, Kenia L\u00f3pez Rabad\u00e1n como jefa de Oficina de precampa\u00f1a; adem\u00e1s de Sergio Ram\u00edrez Robles, quien se desempe\u00f1a como Director General de Comunicaci\u00f3n Social del Grupo Parlamentario, y estar\u00e1 en el \u00e1rea de comunicaci\u00f3n coordinada por Maximiliano Cort\u00e1zar Lara sumado a Mois\u00e9s G\u00f3mez Reyna, quien es responsable de&nbsp; la agenda y giras de la precandidata desde el principio y que 5 a\u00f1os fue el coordinador de asesores del PAN en el Senado.<\/p>\n\n\n\n<p>Con estas adquisiciones que la hidalguense hace y que la acompa\u00f1ar\u00e1n lo que resta de la precampa\u00f1a y la campa\u00f1a presidencial, le alinean los astros al Senador jarocho por ser todos gente muy cercana al legislador al haber sido 3 a\u00f1os parte de su c\u00edrculo de confianza dentro de la coordinaci\u00f3n del Grupo Parlamentario que lidera.<\/p>\n\n\n\n<p>Con esto el l\u00edder de la bancada panista en el Senado de la Rep\u00fablica, Julen Rementer\u00eda del Puerto, sin buscarlo se va consolidando en la campa\u00f1a presidencial de la candidata del Frente Amplio por M\u00e9xico, X\u00f3chitl G\u00e1lvez rumbo al 2024, quien representa la principal opci\u00f3n opositora que tiene el pa\u00eds, para hacer frente al fat\u00eddico gobierno de la Cuarta Transformaci\u00f3n.<\/p>\n\n\n\n<p>Es as\u00ed como Rementer\u00eda estar\u00e1 cada d\u00eda m\u00e1s cerca en la campa\u00f1a de X\u00f3chitl G\u00e1lvez, porque sus colaboradores y amigos cercanos, est\u00e1n ocupando un cargo relevante con la precandidata y quienes entran con toda la fuerza al ruedo en esta batalla electoral que d\u00eda con d\u00eda se avecina.<\/p>\n","protected":false},"excerpt":{"rendered":"<p>Alejandro \u00c1vila Veracruz, Ver.- Los recientes nombramientos que dio la virtual candidata a la presidencia de la rep\u00fablica por la alianza Fuerza y Coraz\u00f3n, X\u00f3chitl G\u00e1lvez Ruiz, benefician y consolidan al veracruzano, Julen Rementer\u00eda del Puerto, como parte cercana de su equipo de trabajo. Cabe recordar que esta semana, la hidalguense integr\u00f3 a la panista, [&hellip;]<\/p>\n","protected":false},"author":2476,"featured_media":48059,"comment_status":"open","ping_status":"open","sticky":false,"template":"","format":"standard","meta":{"_jetpack_memberships_contains_paid_content":false,"footnotes":""},"categories":[12],"tags":[],"class_list":["post-48058","post","type-post","status-publish","format-standard","has-post-thumbnail","hentry","category-nacional"],"jetpack_featured_media_url":"https:\/\/encuentroinformativo.com.mx\/wp-content\/uploads\/2023\/11\/IMG-20231129-WA0016.jpg","jetpack_sharing_enabled":true,"jetpack_likes_enabled":true,"amp_enabled":true,"_links":{"self":[{"href":"https:\/\/encuentroinformativo.com.mx\/index.php?rest_route=\/wp\/v2\/posts\/48058","targetHints":{"allow":["GET"]}}],"collection":[{"href":"https:\/\/encuentroinformativo.com.mx\/index.php?rest_route=\/wp\/v2\/posts"}],"about":[{"href":"https:\/\/encuentroinformativo.com.mx\/index.php?rest_route=\/wp\/v2\/types\/post"}],"author":[{"embeddable":true,"href":"https:\/\/encuentroinformativo.com.mx\/index.php?rest_route=\/wp\/v2\/users\/2476"}],"replies":[{"embeddable":true,"href":"https:\/\/encuentroinformativo.com.mx\/index.php?rest_route=%2Fwp%2Fv2%2Fcomments&post=48058"}],"version-history":[{"count":1,"href":"https:\/\/encuentroinformativo.com.mx\/index.php?rest_route=\/wp\/v2\/posts\/48058\/revisions"}],"predecessor-version":[{"id":48060,"href":"https:\/\/encuentroinformativo.com.mx\/index.php?rest_route=\/wp\/v2\/posts\/48058\/revisions\/48060"}],"wp:featuredmedia":[{"embeddable":true,"href":"https:\/\/encuentroinformativo.com.mx\/index.php?rest_route=\/wp\/v2\/media\/48059"}],"wp:attachment":[{"href":"https:\/\/encuentroinformativo.com.mx\/index.php?rest_route=%2Fwp%2Fv2%2Fmedia&parent=48058"}],"wp:term":[{"taxonomy":"category","embeddable":true,"href":"https:\/\/encuentroinformativo.com.mx\/index.php?rest_route=%2Fwp%2Fv2%2Fcategories&post=48058"},{"taxonomy":"post_tag","embeddable":true,"href":"https:\/\/encuentroinformativo.com.mx\/index.php?rest_route=%2Fwp%2Fv2%2Ftags&post=48058"}],"curies":[{"name":"wp","href":"https:\/\/api.w.org\/{rel}","templated":true}]}}