{"id":48064,"date":"2023-11-29T12:40:06","date_gmt":"2023-11-29T18:40:06","guid":{"rendered":"https:\/\/encuentroinformativo.com.mx\/?p=48064"},"modified":"2023-11-29T12:40:11","modified_gmt":"2023-11-29T18:40:11","slug":"invertira-tsj-mas-de-2-mdp-en-ciudad-judicial-de-veracruz","status":"publish","type":"post","link":"https:\/\/encuentroinformativo.com.mx\/?p=48064","title":{"rendered":"Invertir\u00e1 TSJ m\u00e1s de 2 mdp en  Ciudad Judicial de Veracruz"},"content":{"rendered":"\n<p><strong>Alejandro \u00c1vila<\/strong><\/p>\n\n\n\n<p>Veracruz, Ver.- Se estima que poco m\u00e1s de 2 millones de pesos se inviertan en la rehabilitaci\u00f3n de los aires acondicionados en los dos edificios de la Ciudad Judicial que se ubican en la colonia Pascual Ortiz Rubio del municipio de Veracruz.<\/p>\n\n\n\n<p>La presidenta del Tribunal Superior de Justicia de Veracruz, Lisbeth Aurelia Jim\u00e9nez Aguirre, reconoci\u00f3 que al sistema de aire acondicionado del recinto judicial solo se le hab\u00eda dado un mantenimiento m\u00ednimo, y el retraso que se ten\u00eda para mejorarlo al cien por ciento se debi\u00f3 a los procesos que conlleva realizar una licitaci\u00f3n al ser recurso p\u00fablico.<\/p>\n\n\n\n<p>&#8220;No el pr\u00f3ximo a\u00f1o, ya est\u00e1 la licitaci\u00f3n para meter un sistema de clima integral, completo, o sea no le vamos a dar un paliativo, lo vamos a resolver de fondo, por supuesto que implica una inversi\u00f3n, no es algo que yo pueda ir, comprar un minisplit y ponerlo, implica ejercicio de recursos p\u00fablicos, una suma considerable, pero que tambi\u00e9n conlleva un tr\u00e1mite de licitaci\u00f3n, eso es lo que me est\u00e1 atrasando un poquito, pero la licitaci\u00f3n ya est\u00e1, ya estamos en ese curso de la licitaci\u00f3n, yo espero que a m\u00e1s tardar a mediados de diciembre ya empiecen a trabajar, para que a mediados de enero est\u00e9n listos los climas&#8221;, subray\u00f3.<\/p>\n\n\n\n<p>En ese sentido, mencion\u00f3 que desde que asumi\u00f3 el cargo en diciembre del 2022 esta fue uno de los problemas m\u00e1s \u00e1lgidos que tuvo que enfrentar, pues reconoci\u00f3 afectaba en demas\u00eda al servidor p\u00fablico, a los abogados visitantes y a los ciudadanos.<\/p>\n","protected":false},"excerpt":{"rendered":"<p>Alejandro \u00c1vila Veracruz, Ver.- Se estima que poco m\u00e1s de 2 millones de pesos se inviertan en la rehabilitaci\u00f3n de los aires acondicionados en los dos edificios de la Ciudad Judicial que se ubican en la colonia Pascual Ortiz Rubio del municipio de Veracruz. La presidenta del Tribunal Superior de Justicia de Veracruz, Lisbeth Aurelia [&hellip;]<\/p>\n","protected":false},"author":2476,"featured_media":48065,"comment_status":"open","ping_status":"open","sticky":false,"template":"","format":"standard","meta":{"_jetpack_memberships_contains_paid_content":false,"footnotes":""},"categories":[2],"tags":[],"class_list":["post-48064","post","type-post","status-publish","format-standard","has-post-thumbnail","hentry","category-estado"],"jetpack_featured_media_url":"https:\/\/encuentroinformativo.com.mx\/wp-content\/uploads\/2023\/11\/IMG-20231129-WA00232.jpg","jetpack_sharing_enabled":true,"jetpack_likes_enabled":true,"amp_enabled":true,"_links":{"self":[{"href":"https:\/\/encuentroinformativo.com.mx\/index.php?rest_route=\/wp\/v2\/posts\/48064","targetHints":{"allow":["GET"]}}],"collection":[{"href":"https:\/\/encuentroinformativo.com.mx\/index.php?rest_route=\/wp\/v2\/posts"}],"about":[{"href":"https:\/\/encuentroinformativo.com.mx\/index.php?rest_route=\/wp\/v2\/types\/post"}],"author":[{"embeddable":true,"href":"https:\/\/encuentroinformativo.com.mx\/index.php?rest_route=\/wp\/v2\/users\/2476"}],"replies":[{"embeddable":true,"href":"https:\/\/encuentroinformativo.com.mx\/index.php?rest_route=%2Fwp%2Fv2%2Fcomments&post=48064"}],"version-history":[{"count":1,"href":"https:\/\/encuentroinformativo.com.mx\/index.php?rest_route=\/wp\/v2\/posts\/48064\/revisions"}],"predecessor-version":[{"id":48066,"href":"https:\/\/encuentroinformativo.com.mx\/index.php?rest_route=\/wp\/v2\/posts\/48064\/revisions\/48066"}],"wp:featuredmedia":[{"embeddable":true,"href":"https:\/\/encuentroinformativo.com.mx\/index.php?rest_route=\/wp\/v2\/media\/48065"}],"wp:attachment":[{"href":"https:\/\/encuentroinformativo.com.mx\/index.php?rest_route=%2Fwp%2Fv2%2Fmedia&parent=48064"}],"wp:term":[{"taxonomy":"category","embeddable":true,"href":"https:\/\/encuentroinformativo.com.mx\/index.php?rest_route=%2Fwp%2Fv2%2Fcategories&post=48064"},{"taxonomy":"post_tag","embeddable":true,"href":"https:\/\/encuentroinformativo.com.mx\/index.php?rest_route=%2Fwp%2Fv2%2Ftags&post=48064"}],"curies":[{"name":"wp","href":"https:\/\/api.w.org\/{rel}","templated":true}]}}