{"id":48070,"date":"2023-11-29T13:17:50","date_gmt":"2023-11-29T19:17:50","guid":{"rendered":"https:\/\/encuentroinformativo.com.mx\/?p=48070"},"modified":"2023-11-29T13:17:54","modified_gmt":"2023-11-29T19:17:54","slug":"veracruz-con-menores-tasas-de-desocupacion-inegi","status":"publish","type":"post","link":"https:\/\/encuentroinformativo.com.mx\/?p=48070","title":{"rendered":"Veracruz con menores tasas de desocupaci\u00f3n: INEGI"},"content":{"rendered":"\n<p><strong>Juan Arcos <\/strong><\/p>\n\n\n\n<p>Xalapa, Ver.- Veracruz se encuentra entre los estados de la Rep\u00fablica Mexicana con una menor tasa de desocupaci\u00f3n, seg\u00fan datos del Instituto Nacional de Estad\u00edstica y Geograf\u00eda (INEGI).<\/p>\n\n\n\n<p>Durante el tercer trimestre de 2023, las tasas m\u00e1s bajas en este indicador se reportaron en Guerrero (1.1%), Campeche (1.8%), Oaxaca (1.9%), Michoac\u00e1n de Ocampo y Veracruz de Ignacio de la Llave (2%), Yucat\u00e1n (2.1%), Morelos y Nayarit (2.3%).<\/p>\n\n\n\n<p>Mientras que las entidades con las tasas m\u00e1s altas de desocupaci\u00f3n fueron: Ciudad de M\u00e9xico (4.1%), M\u00e9xico y Tabasco (4%), Coahuila de Zaragoza (3.9 %), Tlaxcala (3.7%), Tamaulipas (3.3%), as\u00ed como Aguascalientes, Baja California Sur, Guanajuato y Nuevo Le\u00f3n (3.2%).<\/p>\n\n\n\n<p>Chiapas tuvo la tasa m\u00e1s alta de condiciones cr\u00edticas de ocupaci\u00f3n (49.2%). Siguieron Tlaxcala (41.8 %), Puebla (40.5%), Campeche (36.3 %), M\u00e9xico (35.8%), Tamaulipas (35.7 %), Veracruz de Ignacio de la Llave (34.5%), Tabasco (33.8 %), Hidalgo (33.4%) y Ciudad de M\u00e9xico (32.4%).<br>Por su parte, Jalisco (16.9%), Baja California Sur (18.1 %), Sinaloa (18.9 %), Nuevo Le\u00f3n (19.3 %), Aguascalientes (20.8 %) y Colima (21 %) mostraron los niveles m\u00e1s bajos de ocupaci\u00f3n en situaci\u00f3n cr\u00edtica, en materia de ingresos y horas trabajadas.<\/p>\n\n\n\n<p>Los niveles m\u00e1s altos de informalidad laboral se presentaron en Oaxaca (81.5 %), Guerrero (77.4 %), Chiapas (75.4 %), Hidalgo (73.1%), Tlaxcala (70.9 %), Puebla (69.5 %), Michoac\u00e1n de Ocampo (67.1%) y Veracruz de Ignacio de la Llave (66.6%). En cambio, Coahuila de Zaragoza (33.8 %), Chihuahua (36.1 %), Baja California (36.7 %), Nuevo Le\u00f3n (36.9 %), Baja California Sur (37.9%), Sonora (40.8 %), Aguascalientes (41.9 %) y Tamaulipas (43.1 %) registraron los niveles m\u00e1s bajos de informalidad laboral, durante el tercer trimestre de 2023.<\/p>\n\n\n\n<p>En el tercer trimestre de 2023, la Poblaci\u00f3n Econ\u00f3micamente Activa (PEA) del pa\u00eds fue de 61 millones de personas, 1.5 millones m\u00e1s que en el tercer trimestre de 2022. La PEA represent\u00f3 60.6 % de la poblaci\u00f3n de 15 a\u00f1os y m\u00e1s.<\/p>\n\n\n\n<p>Un total de 59.2 millones de personas se encontraban ocupadas: 1.7 millones m\u00e1s en relaci\u00f3n con el tercer trimestre de 2022. Este cambio se concentr\u00f3 en los servicios diversos, con un aumento de 473 mil personas; en servicios profesionales, financieros y corporativos, con 333 mil y en el comercio, con 308 mil personas.<br>La poblaci\u00f3n ocupada en los micronegocios creci\u00f3 en 703 mil personas; en los establecimientos peque\u00f1os, 412 mil y en los grandes, 115 mil.<\/p>\n\n\n\n<p>En el tercer trimestre de 2023, la poblaci\u00f3n subocupada fue de 4.7 millones de personas y represent\u00f3 8 % de la poblaci\u00f3n ocupada, porcentaje inferior al del tercer trimestre de 2022 (8.1 %).<\/p>\n\n\n\n<p>En el trimestre julio-septiembre de este a\u00f1o, la poblaci\u00f3n desocupada fue de 1.8 millones de personas. La tasa de desocupaci\u00f3n (TD) correspondiente fue de 3 % de la PEA, cifra menor a la del mismo periodo de un a\u00f1o antes (3.4 %).<\/p>\n","protected":false},"excerpt":{"rendered":"<p>Juan Arcos Xalapa, Ver.- Veracruz se encuentra entre los estados de la Rep\u00fablica Mexicana con una menor tasa de desocupaci\u00f3n, seg\u00fan datos del Instituto Nacional de Estad\u00edstica y Geograf\u00eda (INEGI). Durante el tercer trimestre de 2023, las tasas m\u00e1s bajas en este indicador se reportaron en Guerrero (1.1%), Campeche (1.8%), Oaxaca (1.9%), Michoac\u00e1n de Ocampo [&hellip;]<\/p>\n","protected":false},"author":2476,"featured_media":48071,"comment_status":"open","ping_status":"open","sticky":false,"template":"","format":"standard","meta":{"_jetpack_memberships_contains_paid_content":false,"footnotes":""},"categories":[2],"tags":[],"class_list":["post-48070","post","type-post","status-publish","format-standard","has-post-thumbnail","hentry","category-estado"],"jetpack_featured_media_url":"https:\/\/encuentroinformativo.com.mx\/wp-content\/uploads\/2023\/11\/IMG_2398.jpg","jetpack_sharing_enabled":true,"jetpack_likes_enabled":true,"amp_enabled":true,"_links":{"self":[{"href":"https:\/\/encuentroinformativo.com.mx\/index.php?rest_route=\/wp\/v2\/posts\/48070","targetHints":{"allow":["GET"]}}],"collection":[{"href":"https:\/\/encuentroinformativo.com.mx\/index.php?rest_route=\/wp\/v2\/posts"}],"about":[{"href":"https:\/\/encuentroinformativo.com.mx\/index.php?rest_route=\/wp\/v2\/types\/post"}],"author":[{"embeddable":true,"href":"https:\/\/encuentroinformativo.com.mx\/index.php?rest_route=\/wp\/v2\/users\/2476"}],"replies":[{"embeddable":true,"href":"https:\/\/encuentroinformativo.com.mx\/index.php?rest_route=%2Fwp%2Fv2%2Fcomments&post=48070"}],"version-history":[{"count":1,"href":"https:\/\/encuentroinformativo.com.mx\/index.php?rest_route=\/wp\/v2\/posts\/48070\/revisions"}],"predecessor-version":[{"id":48072,"href":"https:\/\/encuentroinformativo.com.mx\/index.php?rest_route=\/wp\/v2\/posts\/48070\/revisions\/48072"}],"wp:featuredmedia":[{"embeddable":true,"href":"https:\/\/encuentroinformativo.com.mx\/index.php?rest_route=\/wp\/v2\/media\/48071"}],"wp:attachment":[{"href":"https:\/\/encuentroinformativo.com.mx\/index.php?rest_route=%2Fwp%2Fv2%2Fmedia&parent=48070"}],"wp:term":[{"taxonomy":"category","embeddable":true,"href":"https:\/\/encuentroinformativo.com.mx\/index.php?rest_route=%2Fwp%2Fv2%2Fcategories&post=48070"},{"taxonomy":"post_tag","embeddable":true,"href":"https:\/\/encuentroinformativo.com.mx\/index.php?rest_route=%2Fwp%2Fv2%2Ftags&post=48070"}],"curies":[{"name":"wp","href":"https:\/\/api.w.org\/{rel}","templated":true}]}}