{"id":48085,"date":"2023-11-29T16:38:15","date_gmt":"2023-11-29T22:38:15","guid":{"rendered":"https:\/\/encuentroinformativo.com.mx\/?p=48085"},"modified":"2023-11-29T16:38:18","modified_gmt":"2023-11-29T22:38:18","slug":"anuncian-tercera-edicion-de-desfile-luces-de-navidad-en-veracruz-puerto","status":"publish","type":"post","link":"https:\/\/encuentroinformativo.com.mx\/?p=48085","title":{"rendered":"Anuncian tercera edici\u00f3n de desfile &#8220;Luces de Navidad&#8221; en Veracruz puerto"},"content":{"rendered":"\n<p><strong>Alejandro \u00c1vila<\/strong><\/p>\n\n\n\n<p>Veracruz, Ver.- El pr\u00f3ximo 16 de diciembre se realizar\u00e1 por tercera ocasi\u00f3n consecutiva la Caravana &#8220;Luces de Navidad&#8221;, inform\u00f3 el Pastor, V\u00edctor Galicia, coordinador estatal de Pastores &#8220;Transforma al Mundo Veracruz&#8221;.<\/p>\n\n\n\n<p>Este desfile que contempla participe m\u00e1s de 150 autom\u00f3viles adornados con motivos navide\u00f1os y religiosos, iniciar\u00e1 a las 18 horas desde la glorieta de Los Voladores en Boca del R\u00edo, recorrer\u00e1 todo el bulevar &#8220;Manuel \u00c1vila Camacho&#8221;, para incorporarse a la calle Xicotencatl y culminar en la Macroplaza del Malec\u00f3n con un evento art\u00edstico y una Feria de la Oraci\u00f3n.<\/p>\n\n\n\n<p>Se estima que en el evento participen m\u00e1s de mil personas, donde adem\u00e1s se tendr\u00e1n un contingente de motociclistas, y probablemente, la presencia de la banda de guerra de la Secretar\u00eda Marina.<\/p>\n\n\n\n<p>&#8220;La Navidad ha tomado muchos tonos, a veces la Navidad es solo una fiesta, una reuni\u00f3n social en la empresa, pero Navidad es Jes\u00fas, el Salvador que viene para darle vida a los corazones, el Salvador que viene para dar la paz que el hombre necesita, el Salvador que viene a perdonar y a restaurar nuestras vidas&#8221;, enfatiz\u00f3.<\/p>\n\n\n\n<p>Los interesados en participar en este desfile pueden comunicarse al 22 93 73 49 67, para que les den detalles de la forma en que pueden participar y adornar sus veh\u00edculos.<\/p>\n\n\n\n<p>&#8220;Estamos viviendo un momento en el que mundo necesita recuperar esperanza, y este desfile tiene el deseo de ayudar a que nuestra comunidad recupere la esperanza. El mayor n\u00famero de personas que puedan participar y que puedan ser parte de esta expresi\u00f3n de la iglesia, que traer\u00e1 seguramente a los corazones este sentido de la Navidad (\u2026) nuestra sociedad ha cambiado y no siempre para bien, as\u00ed que este tipo de actividades son una forma de apoyar a nuestra comunidad&#8221;, remat\u00f3.<\/p>\n","protected":false},"excerpt":{"rendered":"<p>Alejandro \u00c1vila Veracruz, Ver.- El pr\u00f3ximo 16 de diciembre se realizar\u00e1 por tercera ocasi\u00f3n consecutiva la Caravana &#8220;Luces de Navidad&#8221;, inform\u00f3 el Pastor, V\u00edctor Galicia, coordinador estatal de Pastores &#8220;Transforma al Mundo Veracruz&#8221;. Este desfile que contempla participe m\u00e1s de 150 autom\u00f3viles adornados con motivos navide\u00f1os y religiosos, iniciar\u00e1 a las 18 horas desde la [&hellip;]<\/p>\n","protected":false},"author":2476,"featured_media":48086,"comment_status":"open","ping_status":"open","sticky":false,"template":"","format":"standard","meta":{"_jetpack_memberships_contains_paid_content":false,"footnotes":""},"categories":[2],"tags":[],"class_list":["post-48085","post","type-post","status-publish","format-standard","has-post-thumbnail","hentry","category-estado"],"jetpack_featured_media_url":"https:\/\/encuentroinformativo.com.mx\/wp-content\/uploads\/2023\/11\/IMG-20231129-WA0052.jpg","jetpack_sharing_enabled":true,"jetpack_likes_enabled":true,"amp_enabled":true,"_links":{"self":[{"href":"https:\/\/encuentroinformativo.com.mx\/index.php?rest_route=\/wp\/v2\/posts\/48085","targetHints":{"allow":["GET"]}}],"collection":[{"href":"https:\/\/encuentroinformativo.com.mx\/index.php?rest_route=\/wp\/v2\/posts"}],"about":[{"href":"https:\/\/encuentroinformativo.com.mx\/index.php?rest_route=\/wp\/v2\/types\/post"}],"author":[{"embeddable":true,"href":"https:\/\/encuentroinformativo.com.mx\/index.php?rest_route=\/wp\/v2\/users\/2476"}],"replies":[{"embeddable":true,"href":"https:\/\/encuentroinformativo.com.mx\/index.php?rest_route=%2Fwp%2Fv2%2Fcomments&post=48085"}],"version-history":[{"count":1,"href":"https:\/\/encuentroinformativo.com.mx\/index.php?rest_route=\/wp\/v2\/posts\/48085\/revisions"}],"predecessor-version":[{"id":48087,"href":"https:\/\/encuentroinformativo.com.mx\/index.php?rest_route=\/wp\/v2\/posts\/48085\/revisions\/48087"}],"wp:featuredmedia":[{"embeddable":true,"href":"https:\/\/encuentroinformativo.com.mx\/index.php?rest_route=\/wp\/v2\/media\/48086"}],"wp:attachment":[{"href":"https:\/\/encuentroinformativo.com.mx\/index.php?rest_route=%2Fwp%2Fv2%2Fmedia&parent=48085"}],"wp:term":[{"taxonomy":"category","embeddable":true,"href":"https:\/\/encuentroinformativo.com.mx\/index.php?rest_route=%2Fwp%2Fv2%2Fcategories&post=48085"},{"taxonomy":"post_tag","embeddable":true,"href":"https:\/\/encuentroinformativo.com.mx\/index.php?rest_route=%2Fwp%2Fv2%2Ftags&post=48085"}],"curies":[{"name":"wp","href":"https:\/\/api.w.org\/{rel}","templated":true}]}}