{"id":48102,"date":"2023-11-30T10:30:58","date_gmt":"2023-11-30T16:30:58","guid":{"rendered":"https:\/\/encuentroinformativo.com.mx\/?p=48102"},"modified":"2023-11-30T10:31:01","modified_gmt":"2023-11-30T16:31:01","slug":"promueve-empresario-llegada-de-inversiones-para-medellin-de-bravo","status":"publish","type":"post","link":"https:\/\/encuentroinformativo.com.mx\/?p=48102","title":{"rendered":"Promueve empresario llegada de inversiones para Medell\u00edn de Bravo"},"content":{"rendered":"\n<p><strong>Alejandro \u00c1vila<\/strong><\/p>\n\n\n\n<p>Medell\u00edn de Bravo, Ver.- El empresario, Guillermo Herrada Jim\u00e9nez, viaj\u00f3 hasta China para concretar la llegada de una empresa de autos y motocicletas, a fin de que esta se asiente en el municipio de Medell\u00edn de Bravo y de prioridad en los empleos a los ciudadanos de la zona.<\/p>\n\n\n\n<p>La nueva empresa automotriz y de motocicletas no solo representa una inversi\u00f3n significativa en la regi\u00f3n, sino que tambi\u00e9n se espera que tenga un impacto positivo en la generaci\u00f3n de empleo, ofreciendo oportunidades laborales para los residentes de Medell\u00edn de Bravo. Se estima que la llegada de esta empresa contribuya de manera significativa a la derrama econ\u00f3mica local, fortaleciendo la actividad comercial y empresarial en la zona.<\/p>\n\n\n\n<p>Guillermo Herrada Jim\u00e9nez, reconocido empresario veracruzano, ha expresado su compromiso con el desarrollo econ\u00f3mico y social de Medell\u00edn de Bravo, y su visi\u00f3n de fortalecer la regi\u00f3n a trav\u00e9s de la creaci\u00f3n de oportunidades laborales y el impulso a la industria automotriz.<\/p>\n\n\n\n<p>&#8220;Gracias a este acercamiento con empresas chinas, afortunadamente vamos a tener una derrama econ\u00f3mica para nuestro municipio bastante fuerte. Vamos a ser la primera agencia de autos de marca China en Medell\u00edn, con la intenci\u00f3n de dar m\u00e1s empleos a nuestros ciudadanos y por supuesto, para que cada una de nuestras familias medell\u00ednense se vean beneficiadas con esta gran empresa que vamos a meter en nuestro municipio&#8221;, destac\u00f3.<\/p>\n\n\n\n<p>Esta nueva empresa automotriz y de motos representa un hito importante para Medell\u00edn de Bravo, ya que no solo contribuir\u00e1 a la generaci\u00f3n de empleos, sino que tambi\u00e9n se espera que fomente la capacitaci\u00f3n y el desarrollo profesional de los habitantes de la regi\u00f3n.<\/p>\n\n\n\n<p>Con la visi\u00f3n y liderazgo de Memo Herrada, se espera que esta empresa automotriz y de motocicletas, marque el comienzo de una nueva etapa de crecimiento y prosperidad para Medell\u00edn de Bravo, consolid\u00e1ndola como un polo de desarrollo industrial y econ\u00f3mico en Veracruz.<\/p>\n\n\n\n<p>La comunidad local y l\u00edderes empresariales, han expresado su optimismo y apoyo a esta iniciativa, reconociendo el potencial transformador que representa para la regi\u00f3n.<\/p>\n\n\n\n<p>La nueva empresa automotriz a Medell\u00edn de Bravo es un claro ejemplo del compromiso de Guillermo Herrada Jim\u00e9nez con el desarrollo y el progreso de Veracruz, y se espera que su impacto positivo se refleje en la comunidad y en la econom\u00eda local en los pr\u00f3ximos a\u00f1os.<\/p>\n","protected":false},"excerpt":{"rendered":"<p>Alejandro \u00c1vila Medell\u00edn de Bravo, Ver.- El empresario, Guillermo Herrada Jim\u00e9nez, viaj\u00f3 hasta China para concretar la llegada de una empresa de autos y motocicletas, a fin de que esta se asiente en el municipio de Medell\u00edn de Bravo y de prioridad en los empleos a los ciudadanos de la zona. La nueva empresa automotriz [&hellip;]<\/p>\n","protected":false},"author":2476,"featured_media":48103,"comment_status":"open","ping_status":"open","sticky":false,"template":"","format":"standard","meta":{"_jetpack_memberships_contains_paid_content":false,"footnotes":""},"categories":[2],"tags":[],"class_list":["post-48102","post","type-post","status-publish","format-standard","has-post-thumbnail","hentry","category-estado"],"jetpack_featured_media_url":"https:\/\/encuentroinformativo.com.mx\/wp-content\/uploads\/2023\/11\/IMG-20231130-WA0013.jpg","jetpack_sharing_enabled":true,"jetpack_likes_enabled":true,"amp_enabled":true,"_links":{"self":[{"href":"https:\/\/encuentroinformativo.com.mx\/index.php?rest_route=\/wp\/v2\/posts\/48102","targetHints":{"allow":["GET"]}}],"collection":[{"href":"https:\/\/encuentroinformativo.com.mx\/index.php?rest_route=\/wp\/v2\/posts"}],"about":[{"href":"https:\/\/encuentroinformativo.com.mx\/index.php?rest_route=\/wp\/v2\/types\/post"}],"author":[{"embeddable":true,"href":"https:\/\/encuentroinformativo.com.mx\/index.php?rest_route=\/wp\/v2\/users\/2476"}],"replies":[{"embeddable":true,"href":"https:\/\/encuentroinformativo.com.mx\/index.php?rest_route=%2Fwp%2Fv2%2Fcomments&post=48102"}],"version-history":[{"count":1,"href":"https:\/\/encuentroinformativo.com.mx\/index.php?rest_route=\/wp\/v2\/posts\/48102\/revisions"}],"predecessor-version":[{"id":48104,"href":"https:\/\/encuentroinformativo.com.mx\/index.php?rest_route=\/wp\/v2\/posts\/48102\/revisions\/48104"}],"wp:featuredmedia":[{"embeddable":true,"href":"https:\/\/encuentroinformativo.com.mx\/index.php?rest_route=\/wp\/v2\/media\/48103"}],"wp:attachment":[{"href":"https:\/\/encuentroinformativo.com.mx\/index.php?rest_route=%2Fwp%2Fv2%2Fmedia&parent=48102"}],"wp:term":[{"taxonomy":"category","embeddable":true,"href":"https:\/\/encuentroinformativo.com.mx\/index.php?rest_route=%2Fwp%2Fv2%2Fcategories&post=48102"},{"taxonomy":"post_tag","embeddable":true,"href":"https:\/\/encuentroinformativo.com.mx\/index.php?rest_route=%2Fwp%2Fv2%2Ftags&post=48102"}],"curies":[{"name":"wp","href":"https:\/\/api.w.org\/{rel}","templated":true}]}}