{"id":48105,"date":"2023-11-30T11:34:55","date_gmt":"2023-11-30T17:34:55","guid":{"rendered":"https:\/\/encuentroinformativo.com.mx\/?p=48105"},"modified":"2023-11-30T11:34:59","modified_gmt":"2023-11-30T17:34:59","slug":"venta-de-vino-con-causa-pagara-5-meses-de-tratamiento-a-mujer-sobreviviente-de-cancer","status":"publish","type":"post","link":"https:\/\/encuentroinformativo.com.mx\/?p=48105","title":{"rendered":"Venta de &#8220;Vino con causa&#8221; pagar\u00e1 5 meses de tratamiento a mujer sobreviviente de c\u00e1ncer"},"content":{"rendered":"\n<p><strong>Alejandro \u00c1vila<\/strong><\/p>\n\n\n\n<p>Veracruz, Ver.- El programa que inici\u00f3 la regidora, Lissethe Mart\u00ednez Echeverr\u00eda, &#8220;La vida en Rosa: Vino con Causa&#8221;, Tuvo una excelente recaudaci\u00f3n y beneficiar\u00e1 a 50 mujeres con mastograf\u00eda con papanicolau.<\/p>\n\n\n\n<p>Cabe destacar que, parte de lo recaudado se le otorgar\u00e1 a la joven, Mar\u00eda Isabel Ortega, con lo que podr\u00e1 pagar 5 meses de tratamiento m\u00e9dico tras haber sobrevivido al c\u00e1ncer.<\/p>\n\n\n\n<p>&#8220;Logramos recaudar alrededor de 30 mil pesos, un poquito m\u00e1s, y eso se va a convertir en 50 mastograf\u00edas con papanicolau para las mujeres que as\u00ed lo requieran, y cinco meses de tratamiento de Mar\u00eda Isabel. As\u00ed que el d\u00eda de hoy estamos celebrando que, gracias a nuestros colaboradores y nuestros colaboradoras de iniciativa privada, que nos dieron un espacio para poder tener la venta de este vino rosa, vino con causa, pues logr\u00f3 el objetivo&#8221;, declar\u00f3 la edil.<\/p>\n\n\n\n<p>Lissethe Mart\u00ednez aclar\u00f3 que la campa\u00f1a del Vino con Causa es permanente, sin embargo, se refuerza su publicidad durante el mes de octubre, cuando se conmemora la lucha contra el c\u00e1ncer de mama.<\/p>\n\n\n\n<p>Las mujeres que est\u00e9n interesadas en obtener una mastograf\u00eda y papanicolau gratuitos podr\u00e1n dirigirse a la regidur\u00eda 12 en el Ayuntamiento de Veracruz, para ingresar en el listado de beneficiarias.<\/p>\n","protected":false},"excerpt":{"rendered":"<p>Alejandro \u00c1vila Veracruz, Ver.- El programa que inici\u00f3 la regidora, Lissethe Mart\u00ednez Echeverr\u00eda, &#8220;La vida en Rosa: Vino con Causa&#8221;, Tuvo una excelente recaudaci\u00f3n y beneficiar\u00e1 a 50 mujeres con mastograf\u00eda con papanicolau. Cabe destacar que, parte de lo recaudado se le otorgar\u00e1 a la joven, Mar\u00eda Isabel Ortega, con lo que podr\u00e1 pagar 5 [&hellip;]<\/p>\n","protected":false},"author":2476,"featured_media":48106,"comment_status":"open","ping_status":"open","sticky":false,"template":"","format":"standard","meta":{"_jetpack_memberships_contains_paid_content":false,"footnotes":""},"categories":[9],"tags":[],"class_list":["post-48105","post","type-post","status-publish","format-standard","has-post-thumbnail","hentry","category-salud"],"jetpack_featured_media_url":"https:\/\/encuentroinformativo.com.mx\/wp-content\/uploads\/2023\/11\/IMG-20231130-WA0020.jpg","jetpack_sharing_enabled":true,"jetpack_likes_enabled":true,"amp_enabled":true,"_links":{"self":[{"href":"https:\/\/encuentroinformativo.com.mx\/index.php?rest_route=\/wp\/v2\/posts\/48105","targetHints":{"allow":["GET"]}}],"collection":[{"href":"https:\/\/encuentroinformativo.com.mx\/index.php?rest_route=\/wp\/v2\/posts"}],"about":[{"href":"https:\/\/encuentroinformativo.com.mx\/index.php?rest_route=\/wp\/v2\/types\/post"}],"author":[{"embeddable":true,"href":"https:\/\/encuentroinformativo.com.mx\/index.php?rest_route=\/wp\/v2\/users\/2476"}],"replies":[{"embeddable":true,"href":"https:\/\/encuentroinformativo.com.mx\/index.php?rest_route=%2Fwp%2Fv2%2Fcomments&post=48105"}],"version-history":[{"count":1,"href":"https:\/\/encuentroinformativo.com.mx\/index.php?rest_route=\/wp\/v2\/posts\/48105\/revisions"}],"predecessor-version":[{"id":48107,"href":"https:\/\/encuentroinformativo.com.mx\/index.php?rest_route=\/wp\/v2\/posts\/48105\/revisions\/48107"}],"wp:featuredmedia":[{"embeddable":true,"href":"https:\/\/encuentroinformativo.com.mx\/index.php?rest_route=\/wp\/v2\/media\/48106"}],"wp:attachment":[{"href":"https:\/\/encuentroinformativo.com.mx\/index.php?rest_route=%2Fwp%2Fv2%2Fmedia&parent=48105"}],"wp:term":[{"taxonomy":"category","embeddable":true,"href":"https:\/\/encuentroinformativo.com.mx\/index.php?rest_route=%2Fwp%2Fv2%2Fcategories&post=48105"},{"taxonomy":"post_tag","embeddable":true,"href":"https:\/\/encuentroinformativo.com.mx\/index.php?rest_route=%2Fwp%2Fv2%2Ftags&post=48105"}],"curies":[{"name":"wp","href":"https:\/\/api.w.org\/{rel}","templated":true}]}}