{"id":48108,"date":"2023-11-30T11:44:49","date_gmt":"2023-11-30T17:44:49","guid":{"rendered":"https:\/\/encuentroinformativo.com.mx\/?p=48108"},"modified":"2023-11-30T11:44:54","modified_gmt":"2023-11-30T17:44:54","slug":"jovenes-de-coatzacoalcos-reunidos-durante-quinto-foro-ceprevide-juventudes-por-la-paz","status":"publish","type":"post","link":"https:\/\/encuentroinformativo.com.mx\/?p=48108","title":{"rendered":"J\u00f3venes de Coatzacoalcos reunidos durante Quinto Foro CEPREVIDE \u201cJuventudes por la Paz\u201d"},"content":{"rendered":"\n<p><strong>*Creado como un espacio de expresi\u00f3n para el di\u00e1logo e intercambio de ideas, que invite a convertirse en agentes de cambio y promotores de la paz.<\/strong><\/p>\n\n\n\n<p>Xalapa, Ver.- J\u00f3venes porte\u00f1os se reunieron para formar parte del Quinto Foro CEPREVIDE \u201cJuventudes por la Paz\u201d, organizado por la Secretar\u00eda Ejecutiva del Sistema y del Consejo Estatal de Seguridad P\u00fablica y su Centro Estatal de Prevenci\u00f3n Social de la Violencia y la Delincuencia, con Participaci\u00f3n Ciudadana; en coordinaci\u00f3n con el Instituto Veracruzano de la Juventud, convocando a m\u00e1s de 300 asistentes.<\/p>\n\n\n\n<p>En este evento participaron: Mar\u00eda B\u00e1rbara Wetzel Aguilar, ganadora del premio estatal del deporte Veracruz como mejor atleta adaptado por parte del Gob. Cuitl\u00e1huac Garc\u00eda Jim\u00e9nez, el boxeador Jes\u00fas Sina\u00ed P\u00e9rez Olivares, la fisicoculturista Cynthia Janet Cantarell Retureta, y la emprendedora y activista Adriana Carolina S\u00e1nchez Cahuich. Adem\u00e1s, de la presentaci\u00f3n de Woken CDT, Kaoz CDT y Negge Boy, exponentes del Freestyle.<\/p>\n\n\n\n<p>En este contexto, fue tambi\u00e9n presentada la Revista CEPREVIDE \u201cJuventudes por la Paz\u201d en su segunda edici\u00f3n del 2023, donde j\u00f3venes veracruzanos aportaron su punto de vista en diversos temas de prevenci\u00f3n social de la violencia y la delincuencia, la pr\u00e1ctica deportiva, las tradiciones culturales y el arte pict\u00f3rico.<\/p>\n\n\n\n<p>En entrevista, el director del CEPREVIDE, el Mtro. Jos\u00e9 Manuel Jim\u00e9nez Mora, resalt\u00f3 la importancia de darle a las y los j\u00f3venes espacios donde puedan expresar sus inquietudes, as\u00ed como presentarles experiencias de vida de otras y otros j\u00f3venes que han tenido que luchar y trabajar para lograr sus metas y ser reconocidos a nivel nacional e internacional.<\/p>\n\n\n\n<p>\u201cQue ellos vean que no se debe ir por el camino f\u00e1cil\u2026 que tener dinero f\u00e1cil mezcl\u00e1ndose en el crimen no es lo correcto, que pueden hacerlo de la buena manera y que tienen muchas opciones, que desde el gobierno y la sociedad van a tener la oportunidad de desarrollarse y ser personas de bien\u2026 que les va a costar, pero a la larga ser\u00e1 mejor para ellos, porque cuando se meten en la delincuencia, el resultado s\u00f3lo es la c\u00e1rcel o la muerte\u201d, precis\u00f3.<\/p>\n\n\n\n<p>La ceremonia de inauguraci\u00f3n corri\u00f3 a cargo de la Lic. Paola Cabrera Antonio, delegada regional de la SEV en Coatzacoalcos en representaci\u00f3n del Mtro. V\u00edctor Emanuel Vargas Barrientos, encargado de despacho de la SEV; junto con la Mtra. Zulma Selene M\u00e1rquez Espinosa, jefa del Departamento de Vinculaci\u00f3n y Programas del Instituto Veracruzano de la Juventud en representaci\u00f3n del Gobernador Constitucional del Estado de Veracruz, Ing. Cuitl\u00e1huac Garc\u00eda Jim\u00e9nez; contando con la presencia de la Ing. Qu\u00edm. Jocelyn L\u00f3pez Rivera, Directora del Instituto Municipal de la Juventud, en representaci\u00f3n del Lic. Amado Jes\u00fas Cruz Malpica, alcalde de Coatzacoalcos; y el director del CEPREVIDE, Mtro. Jos\u00e9 Manuel Jim\u00e9nez Mora.<\/p>\n","protected":false},"excerpt":{"rendered":"<p>*Creado como un espacio de expresi\u00f3n para el di\u00e1logo e intercambio de ideas, que invite a convertirse en agentes de cambio y promotores de la paz. Xalapa, Ver.- J\u00f3venes porte\u00f1os se reunieron para formar parte del Quinto Foro CEPREVIDE \u201cJuventudes por la Paz\u201d, organizado por la Secretar\u00eda Ejecutiva del Sistema y del Consejo Estatal de [&hellip;]<\/p>\n","protected":false},"author":2476,"featured_media":48109,"comment_status":"open","ping_status":"open","sticky":false,"template":"","format":"standard","meta":{"_jetpack_memberships_contains_paid_content":false,"footnotes":""},"categories":[2],"tags":[],"class_list":["post-48108","post","type-post","status-publish","format-standard","has-post-thumbnail","hentry","category-estado"],"jetpack_featured_media_url":"https:\/\/encuentroinformativo.com.mx\/wp-content\/uploads\/2023\/11\/IMG-20231130-WA00152.jpg","jetpack_sharing_enabled":true,"jetpack_likes_enabled":true,"amp_enabled":true,"_links":{"self":[{"href":"https:\/\/encuentroinformativo.com.mx\/index.php?rest_route=\/wp\/v2\/posts\/48108","targetHints":{"allow":["GET"]}}],"collection":[{"href":"https:\/\/encuentroinformativo.com.mx\/index.php?rest_route=\/wp\/v2\/posts"}],"about":[{"href":"https:\/\/encuentroinformativo.com.mx\/index.php?rest_route=\/wp\/v2\/types\/post"}],"author":[{"embeddable":true,"href":"https:\/\/encuentroinformativo.com.mx\/index.php?rest_route=\/wp\/v2\/users\/2476"}],"replies":[{"embeddable":true,"href":"https:\/\/encuentroinformativo.com.mx\/index.php?rest_route=%2Fwp%2Fv2%2Fcomments&post=48108"}],"version-history":[{"count":1,"href":"https:\/\/encuentroinformativo.com.mx\/index.php?rest_route=\/wp\/v2\/posts\/48108\/revisions"}],"predecessor-version":[{"id":48110,"href":"https:\/\/encuentroinformativo.com.mx\/index.php?rest_route=\/wp\/v2\/posts\/48108\/revisions\/48110"}],"wp:featuredmedia":[{"embeddable":true,"href":"https:\/\/encuentroinformativo.com.mx\/index.php?rest_route=\/wp\/v2\/media\/48109"}],"wp:attachment":[{"href":"https:\/\/encuentroinformativo.com.mx\/index.php?rest_route=%2Fwp%2Fv2%2Fmedia&parent=48108"}],"wp:term":[{"taxonomy":"category","embeddable":true,"href":"https:\/\/encuentroinformativo.com.mx\/index.php?rest_route=%2Fwp%2Fv2%2Fcategories&post=48108"},{"taxonomy":"post_tag","embeddable":true,"href":"https:\/\/encuentroinformativo.com.mx\/index.php?rest_route=%2Fwp%2Fv2%2Ftags&post=48108"}],"curies":[{"name":"wp","href":"https:\/\/api.w.org\/{rel}","templated":true}]}}